{"id":24643,"date":"2019-12-03T13:42:24","date_gmt":"2019-12-03T13:42:24","guid":{"rendered":"https:\/\/sertv.gob.pa\/crisolfm\/?p=24643"},"modified":"2019-12-03T13:42:24","modified_gmt":"2019-12-03T13:42:24","slug":"inicia-cumbre-que-debera-sentar-las-bases-de-una-nueva-accion-climatica","status":"publish","type":"post","link":"https:\/\/sertv.gob.pa\/crisolfm\/inicia-cumbre-que-debera-sentar-las-bases-de-una-nueva-accion-climatica\/","title":{"rendered":"Inicia cumbre que deber\u00e1 sentar las bases de una nueva acci\u00f3n clim\u00e1tica"},"content":{"rendered":"<p>La Cumbre del Clima (COP25) que debe sentar las bases para una nueva fase de acci\u00f3n clim\u00e1tica, para cuya organizaci\u00f3n se ofreci\u00f3 el Gobierno Espa\u00f1a tras la renuncia de Chile a causa de la grave crisis interna que vive el pa\u00eds, inici\u00f3 en Madrid.<\/p>\n<p>En apenas un mes se ha activado la gigantesca log\u00edstica que requiere una cita como esta, donde se suceden las reuniones t\u00e9cnicas y cient\u00edficas, las sesiones plenarias en las que participan delegaciones oficiales de casi 200 pa\u00edses y las visitas de numerosos jefes de Estado y de Gobierno y responsables de organismos internacionales, adem\u00e1s de gran n\u00famero de activistas y l\u00edderes sociales.<\/p>\n<p>En la ceremonia de apertura de la 25 Conferencia de las Partes del Convenio Marco de Naciones Unidas sobre Cambio Clim\u00e1tico participan, entre otros, el secretario general de la ONU, Ant\u00f3nio Guterres, el presidente en funciones del Gobierno espa\u00f1ol, Pedro S\u00e1nchez, la nueva presidenta de la Comisi\u00f3n Europea, Ursula von der Leyen, o la ministra chilena de Medio Ambiente y presidenta de la cumbre, Carolina Schmidt.<\/p>\n<p>Prevista inicialmente como una cumbre \u00abde transici\u00f3n\u00bb, la conferencia ha cobrado una especial relevancia; para Espa\u00f1a por ser sede de la Conferencia en sustituci\u00f3n de Chile -que conserva la Presidencia-, y para la comunidad internacional por coincidir con el anuncio del presidente estadounidense, Donald Trump, de iniciar el proceso para salir del Acuerdo de Par\u00eds.<\/p>\n<p>Chile -que preside- y Espa\u00f1a -como anfitri\u00f3n- esperan que esta conferencia abra \u00abun nuevo ciclo\u00bb en la acci\u00f3n clim\u00e1tica mundial, una fase en la que se impliquen no solo los negociadores de las delegaciones que representan a los gobiernos centrales, sino tambi\u00e9n los ayuntamientos, las regiones y los agentes econ\u00f3micos y sociales.<\/p>\n<p>La cumbre, que se prolongar\u00e1 hasta el pr\u00f3ximo d\u00eda 13, concluir\u00e1 s\u00f3lo dos semanas antes de que entre en vigor el Acuerdo de Par\u00eds y de que comience un a\u00f1o decisivo en el escenario internacional, en el que los pa\u00edses deben presentar compromisos m\u00e1s ambiciosos para reducir sus emisiones de di\u00f3xido de carbono.<\/p>\n<p>Los informes que se han publicado durante los d\u00edas previos a la cumbre alertan de que los niveles de concentraci\u00f3n en la atm\u00f3sfera de gases de efecto invernadero han alcanzado m\u00e1ximos hist\u00f3ricos, y que ser\u00eda necesario multiplicar -hasta por cinco- los esfuerzos para reducir esas emisiones y evitar los impactos m\u00e1s catastr\u00f3ficos del cambio clim\u00e1tico.<\/p>\n<p>&nbsp;<\/p>\n<p>EFE<\/p>\n","protected":false},"excerpt":{"rendered":"<p>La Cumbre del Clima (COP25) que debe sentar las bases <a href=\"https:\/\/sertv.gob.pa\/crisolfm\/inicia-cumbre-que-debera-sentar-las-bases-de-una-nueva-accion-climatica\/\"> [&#8230;]<\/a><\/p>\n","protected":false},"author":64,"featured_media":24644,"comment_status":"closed","ping_status":"closed","sticky":false,"template":"","format":"standard","meta":{"footnotes":""},"categories":[7],"tags":[],"class_list":["post-24643","post","type-post","status-publish","format-standard","has-post-thumbnail","hentry","category-ecologicas"],"_links":{"self":[{"href":"https:\/\/sertv.gob.pa\/crisolfm\/wp-json\/wp\/v2\/posts\/24643","targetHints":{"allow":["GET"]}}],"collection":[{"href":"https:\/\/sertv.gob.pa\/crisolfm\/wp-json\/wp\/v2\/posts"}],"about":[{"href":"https:\/\/sertv.gob.pa\/crisolfm\/wp-json\/wp\/v2\/types\/post"}],"author":[{"embeddable":true,"href":"https:\/\/sertv.gob.pa\/crisolfm\/wp-json\/wp\/v2\/users\/64"}],"replies":[{"embeddable":true,"href":"https:\/\/sertv.gob.pa\/crisolfm\/wp-json\/wp\/v2\/comments?post=24643"}],"version-history":[{"count":1,"href":"https:\/\/sertv.gob.pa\/crisolfm\/wp-json\/wp\/v2\/posts\/24643\/revisions"}],"predecessor-version":[{"id":24645,"href":"https:\/\/sertv.gob.pa\/crisolfm\/wp-json\/wp\/v2\/posts\/24643\/revisions\/24645"}],"wp:featuredmedia":[{"embeddable":true,"href":"https:\/\/sertv.gob.pa\/crisolfm\/wp-json\/wp\/v2\/media\/24644"}],"wp:attachment":[{"href":"https:\/\/sertv.gob.pa\/crisolfm\/wp-json\/wp\/v2\/media?parent=24643"}],"wp:term":[{"taxonomy":"category","embeddable":true,"href":"https:\/\/sertv.gob.pa\/crisolfm\/wp-json\/wp\/v2\/categories?post=24643"},{"taxonomy":"post_tag","embeddable":true,"href":"https:\/\/sertv.gob.pa\/crisolfm\/wp-json\/wp\/v2\/tags?post=24643"}],"curies":[{"name":"wp","href":"https:\/\/api.w.org\/{rel}","templated":true}]}}