{"id":24646,"date":"2019-12-03T13:52:22","date_gmt":"2019-12-03T13:52:22","guid":{"rendered":"https:\/\/sertv.gob.pa\/crisolfm\/?p=24646"},"modified":"2019-12-03T13:52:22","modified_gmt":"2019-12-03T13:52:22","slug":"la-ong-amigos-de-la-tierra-culpa-a-los-gobiernos-de-la-crisis-climatica","status":"publish","type":"post","link":"https:\/\/sertv.gob.pa\/crisolfm\/la-ong-amigos-de-la-tierra-culpa-a-los-gobiernos-de-la-crisis-climatica\/","title":{"rendered":"La ONG Amigos de la Tierra culpa a los gobiernos de la crisis clim\u00e1tica"},"content":{"rendered":"<p>La inoperabilidad de algunos gobiernos, los mercados de carbono y la industria petrol\u00edfera son algunos de los culpables de la emergencia clim\u00e1tica, seg\u00fan los representantes de Amigos de la Tierra de Espa\u00f1a, El Salvador, Sri Lanka, el Reino Unido, Espa\u00f1a y Nigeria en la rueda de prensa ofrecida este lunes en la Cumbre del Clima.<\/p>\n<p>\u00abLa crisis clim\u00e1tica es colectiva y nunca antes hab\u00eda estado tan claro que es necesaria la cooperaci\u00f3n, porque no se puede resolver de manera individual\u00bb, asegura de manera tajante Rachel Kennerkley, representante de Amigos de la Tierra en el Reino Unido.<\/p>\n<p>En su exposici\u00f3n, Kennerkley ha recordado la controversia que generaron las negociaciones de los mercados de carbono en el Acuerdo de Par\u00eds y ha asegurado que \u00abla compensaci\u00f3n y el comercio de carbono no funcionan\u00bb.<\/p>\n<p>A cambio, han propuesto recortes reales de emisiones, un nuevo servicio financiero sin el que \u00abestas conversaciones sobre el clima no podr\u00edan considerarse un \u00e9xito\u00bb, as\u00ed como corregir la deuda clim\u00e1tica entre los pa\u00edses del norte y los del sur, priorizando las necesidades de estos \u00faltimos y luchando contra petrol\u00edferas y empresas del gas gracias a la solidaridad entre todos los pa\u00edses.<\/p>\n<p>EFE<\/p>\n","protected":false},"excerpt":{"rendered":"<p>La inoperabilidad de algunos gobiernos, los mercados de carbono y <a href=\"https:\/\/sertv.gob.pa\/crisolfm\/la-ong-amigos-de-la-tierra-culpa-a-los-gobiernos-de-la-crisis-climatica\/\"> [&#8230;]<\/a><\/p>\n","protected":false},"author":64,"featured_media":24647,"comment_status":"closed","ping_status":"closed","sticky":false,"template":"","format":"standard","meta":{"footnotes":""},"categories":[7],"tags":[],"class_list":["post-24646","post","type-post","status-publish","format-standard","has-post-thumbnail","hentry","category-ecologicas"],"_links":{"self":[{"href":"https:\/\/sertv.gob.pa\/crisolfm\/wp-json\/wp\/v2\/posts\/24646","targetHints":{"allow":["GET"]}}],"collection":[{"href":"https:\/\/sertv.gob.pa\/crisolfm\/wp-json\/wp\/v2\/posts"}],"about":[{"href":"https:\/\/sertv.gob.pa\/crisolfm\/wp-json\/wp\/v2\/types\/post"}],"author":[{"embeddable":true,"href":"https:\/\/sertv.gob.pa\/crisolfm\/wp-json\/wp\/v2\/users\/64"}],"replies":[{"embeddable":true,"href":"https:\/\/sertv.gob.pa\/crisolfm\/wp-json\/wp\/v2\/comments?post=24646"}],"version-history":[{"count":1,"href":"https:\/\/sertv.gob.pa\/crisolfm\/wp-json\/wp\/v2\/posts\/24646\/revisions"}],"predecessor-version":[{"id":24648,"href":"https:\/\/sertv.gob.pa\/crisolfm\/wp-json\/wp\/v2\/posts\/24646\/revisions\/24648"}],"wp:featuredmedia":[{"embeddable":true,"href":"https:\/\/sertv.gob.pa\/crisolfm\/wp-json\/wp\/v2\/media\/24647"}],"wp:attachment":[{"href":"https:\/\/sertv.gob.pa\/crisolfm\/wp-json\/wp\/v2\/media?parent=24646"}],"wp:term":[{"taxonomy":"category","embeddable":true,"href":"https:\/\/sertv.gob.pa\/crisolfm\/wp-json\/wp\/v2\/categories?post=24646"},{"taxonomy":"post_tag","embeddable":true,"href":"https:\/\/sertv.gob.pa\/crisolfm\/wp-json\/wp\/v2\/tags?post=24646"}],"curies":[{"name":"wp","href":"https:\/\/api.w.org\/{rel}","templated":true}]}}