{"id":24655,"date":"2019-12-03T14:17:17","date_gmt":"2019-12-03T14:17:17","guid":{"rendered":"https:\/\/sertv.gob.pa\/crisolfm\/?p=24655"},"modified":"2019-12-03T14:17:17","modified_gmt":"2019-12-03T14:17:17","slug":"muestra-fotografica-la-mirada-interrumpida-en-casa-del-soldado","status":"publish","type":"post","link":"https:\/\/sertv.gob.pa\/crisolfm\/muestra-fotografica-la-mirada-interrumpida-en-casa-del-soldado\/","title":{"rendered":"Muestra fotogr\u00e1fica \u201cLa mirada interrumpida\u201d en Casa del Soldado"},"content":{"rendered":"<p>La muestra fotogr\u00e1fica \u201cLa mirada interrumpida\u201d, de Juantxu Rodr\u00edguez, ser\u00e1 presentada este 3 de diciembre, desde las 6:00 p.m., en la Casa del Soldado.<\/p>\n<p>La exposici\u00f3n comprende 29 im\u00e1genes de los momentos durante la invasi\u00f3n estadounidense a Panam\u00e1, en diciembre de 1989.<\/p>\n<p>Por medio de los escenarios retratados, el compendio busca recobrar la memoria hist\u00f3rica de los paname\u00f1os y homenajear a las v\u00edctimas de este suceso.<\/p>\n<p>Rodr\u00edguez, de origen espa\u00f1ol, fue un reportero fotogr\u00e1fico que falleci\u00f3 abatido por disparos provenientes de las tropas norteamericanas, durante la invasi\u00f3n militar de 1989.<\/p>\n<p>La colecci\u00f3n fue seleccionada y curada por el conocedor de arte Enrique Castro R\u00edos.<\/p>\n<p>&nbsp;<\/p>\n","protected":false},"excerpt":{"rendered":"<p>La muestra fotogr\u00e1fica \u201cLa mirada interrumpida\u201d, de Juantxu Rodr\u00edguez, ser\u00e1 <a href=\"https:\/\/sertv.gob.pa\/crisolfm\/muestra-fotografica-la-mirada-interrumpida-en-casa-del-soldado\/\"> [&#8230;]<\/a><\/p>\n","protected":false},"author":64,"featured_media":24656,"comment_status":"closed","ping_status":"closed","sticky":false,"template":"","format":"standard","meta":{"footnotes":""},"categories":[6],"tags":[],"class_list":["post-24655","post","type-post","status-publish","format-standard","has-post-thumbnail","hentry","category-culturales"],"_links":{"self":[{"href":"https:\/\/sertv.gob.pa\/crisolfm\/wp-json\/wp\/v2\/posts\/24655","targetHints":{"allow":["GET"]}}],"collection":[{"href":"https:\/\/sertv.gob.pa\/crisolfm\/wp-json\/wp\/v2\/posts"}],"about":[{"href":"https:\/\/sertv.gob.pa\/crisolfm\/wp-json\/wp\/v2\/types\/post"}],"author":[{"embeddable":true,"href":"https:\/\/sertv.gob.pa\/crisolfm\/wp-json\/wp\/v2\/users\/64"}],"replies":[{"embeddable":true,"href":"https:\/\/sertv.gob.pa\/crisolfm\/wp-json\/wp\/v2\/comments?post=24655"}],"version-history":[{"count":1,"href":"https:\/\/sertv.gob.pa\/crisolfm\/wp-json\/wp\/v2\/posts\/24655\/revisions"}],"predecessor-version":[{"id":24657,"href":"https:\/\/sertv.gob.pa\/crisolfm\/wp-json\/wp\/v2\/posts\/24655\/revisions\/24657"}],"wp:featuredmedia":[{"embeddable":true,"href":"https:\/\/sertv.gob.pa\/crisolfm\/wp-json\/wp\/v2\/media\/24656"}],"wp:attachment":[{"href":"https:\/\/sertv.gob.pa\/crisolfm\/wp-json\/wp\/v2\/media?parent=24655"}],"wp:term":[{"taxonomy":"category","embeddable":true,"href":"https:\/\/sertv.gob.pa\/crisolfm\/wp-json\/wp\/v2\/categories?post=24655"},{"taxonomy":"post_tag","embeddable":true,"href":"https:\/\/sertv.gob.pa\/crisolfm\/wp-json\/wp\/v2\/tags?post=24655"}],"curies":[{"name":"wp","href":"https:\/\/api.w.org\/{rel}","templated":true}]}}