{"id":24661,"date":"2019-12-03T14:49:48","date_gmt":"2019-12-03T14:49:48","guid":{"rendered":"https:\/\/sertv.gob.pa\/crisolfm\/?p=24661"},"modified":"2019-12-03T14:49:48","modified_gmt":"2019-12-03T14:49:48","slug":"el-metropolitan-school-of-panama-celebro-500-anos-de-ciudad-de-panama","status":"publish","type":"post","link":"https:\/\/sertv.gob.pa\/crisolfm\/el-metropolitan-school-of-panama-celebro-500-anos-de-ciudad-de-panama\/","title":{"rendered":"El Metropolitan School of Panam\u00e1 celebr\u00f3 \u201c500 a\u00f1os de Ciudad de Panam\u00e1\u201d"},"content":{"rendered":"<p>La novena Gala Folcl\u00f3rica del Metropolitan School of Panama (MET) fue un homenaje a los 500 a\u00f1os de Fundaci\u00f3n de nuestra historia.<\/p>\n<p>Destacan desde el plantel, que alrededor de 650 estudiantes se sumaron a las iniciativas de la celebraci\u00f3n de los 500 a\u00f1os de la ciudad de Panam\u00e1, en las cuales destacaron \u00a0 ra\u00edces y cultura.<\/p>\n<p>Este a\u00f1o llevaron como lema \u201cPanam\u00e1, la perla del Pac\u00edfico. Un recorrido de 500 a\u00f1os de historia\u201d, en donde alumnos de m\u00e1s de 45 nacionalidades, interpretaron danzas, obras, m\u00fasicas y poes\u00edas originarias de las distintas provincias del pa\u00eds y de las diversas culturas que han influenciado en la identidad paname\u00f1a.<\/p>\n<p>La actividad, que cont\u00f3 con alumnos de 3 a 18 a\u00f1os, docentes y padres de familia, se efectu\u00f3 en el teatro Ateneo de la Ciudad del Saber.<\/p>\n<p>&nbsp;<\/p>\n","protected":false},"excerpt":{"rendered":"<p>La novena Gala Folcl\u00f3rica del Metropolitan School of Panama (MET) <a href=\"https:\/\/sertv.gob.pa\/crisolfm\/el-metropolitan-school-of-panama-celebro-500-anos-de-ciudad-de-panama\/\"> [&#8230;]<\/a><\/p>\n","protected":false},"author":64,"featured_media":24662,"comment_status":"closed","ping_status":"closed","sticky":false,"template":"","format":"standard","meta":{"footnotes":""},"categories":[6],"tags":[],"class_list":["post-24661","post","type-post","status-publish","format-standard","has-post-thumbnail","hentry","category-culturales"],"_links":{"self":[{"href":"https:\/\/sertv.gob.pa\/crisolfm\/wp-json\/wp\/v2\/posts\/24661","targetHints":{"allow":["GET"]}}],"collection":[{"href":"https:\/\/sertv.gob.pa\/crisolfm\/wp-json\/wp\/v2\/posts"}],"about":[{"href":"https:\/\/sertv.gob.pa\/crisolfm\/wp-json\/wp\/v2\/types\/post"}],"author":[{"embeddable":true,"href":"https:\/\/sertv.gob.pa\/crisolfm\/wp-json\/wp\/v2\/users\/64"}],"replies":[{"embeddable":true,"href":"https:\/\/sertv.gob.pa\/crisolfm\/wp-json\/wp\/v2\/comments?post=24661"}],"version-history":[{"count":1,"href":"https:\/\/sertv.gob.pa\/crisolfm\/wp-json\/wp\/v2\/posts\/24661\/revisions"}],"predecessor-version":[{"id":24663,"href":"https:\/\/sertv.gob.pa\/crisolfm\/wp-json\/wp\/v2\/posts\/24661\/revisions\/24663"}],"wp:featuredmedia":[{"embeddable":true,"href":"https:\/\/sertv.gob.pa\/crisolfm\/wp-json\/wp\/v2\/media\/24662"}],"wp:attachment":[{"href":"https:\/\/sertv.gob.pa\/crisolfm\/wp-json\/wp\/v2\/media?parent=24661"}],"wp:term":[{"taxonomy":"category","embeddable":true,"href":"https:\/\/sertv.gob.pa\/crisolfm\/wp-json\/wp\/v2\/categories?post=24661"},{"taxonomy":"post_tag","embeddable":true,"href":"https:\/\/sertv.gob.pa\/crisolfm\/wp-json\/wp\/v2\/tags?post=24661"}],"curies":[{"name":"wp","href":"https:\/\/api.w.org\/{rel}","templated":true}]}}