{"id":24667,"date":"2019-12-04T13:18:49","date_gmt":"2019-12-04T13:18:49","guid":{"rendered":"https:\/\/sertv.gob.pa\/crisolfm\/?p=24667"},"modified":"2019-12-04T13:18:49","modified_gmt":"2019-12-04T13:18:49","slug":"la-colorida-mola-estrena-su-museo-en-panama","status":"publish","type":"post","link":"https:\/\/sertv.gob.pa\/crisolfm\/la-colorida-mola-estrena-su-museo-en-panama\/","title":{"rendered":"La colorida mola estrena su museo en Panam\u00e1"},"content":{"rendered":"<p>La <strong>mola, una ic\u00f3nica tela multicolor<\/strong> que tejen las mujeres de la <strong>etnia Guna de Panam\u00e1<\/strong>, ya tiene un museo que <strong>exhibe parte de la colecci\u00f3n<\/strong> privada de las<strong> piezas de arte del empresario<\/strong> y fil\u00e1ntropo espa\u00f1ol <strong>Jos\u00e9 F\u00e9lix Llopis (1927-2011).<\/strong><\/p>\n<p>El<strong> Museo<\/strong> de la <strong>Mola <\/strong>(MUMO)<strong> abrir\u00e1 sus puertas el pr\u00f3ximo domingo<\/strong> en su edificio situado en el<strong> Casco Antiguo de la Ciudad de Panam\u00e1<\/strong>, como parte de un <strong>proyecto de la Fundaci\u00f3n Alberto Motta<\/strong>, manifest\u00f3 a Efe la directora de la galer\u00eda, Yavel Altamiranda, durante un recorrido exclusivo previo a la inauguraci\u00f3n del nuevo museo.<\/p>\n<p>Las <strong>molas son unos tejidos<\/strong> de<strong> llamativos colores con dibujos geom\u00e9tricos <\/strong>o <strong>figurativos <\/strong>que representan la <strong>cosmovisi\u00f3n de la etnia Guna<\/strong>, uno de los siete pueblos ind\u00edgenas del pa\u00eds centroamericano, y que desde tiempos ancestrales visten sus mujeres. Aunque, seg\u00fan explic\u00f3 a Efe uno de los gu\u00edas del museo, estas m<strong>olas son producto <\/strong>de la<strong> colonizaci\u00f3n de Am\u00e9rica,<\/strong> puesto que anteriormente el pueblo Guna se pintaba las geometr\u00edas en el cuerpo.<\/p>\n<p>Las <strong>molas<\/strong>, seg\u00fan<strong> la creencia guna,<\/strong> <strong>sirven tanto para evitar que los malos esp\u00edritus<\/strong> posean a los <strong>ind\u00edgenas<\/strong> como para <strong>celebrar rituales <\/strong>importantes para el pueblo, como es la celebraci\u00f3n de la pubertad. La <strong>t\u00e9cnica de confecci\u00f3n es muy laboriosa<\/strong>, ya que se trata de <strong>telas de algod\u00f3n superpuestas<\/strong> y <strong>cosidas a mano<\/strong>: las<strong> artesanas tardan cerca de un mes en elaborarlas.<\/strong><\/p>\n<p>EFE<\/p>\n","protected":false},"excerpt":{"rendered":"<p>La mola, una ic\u00f3nica tela multicolor que tejen las mujeres <a href=\"https:\/\/sertv.gob.pa\/crisolfm\/la-colorida-mola-estrena-su-museo-en-panama\/\"> [&#8230;]<\/a><\/p>\n","protected":false},"author":64,"featured_media":24668,"comment_status":"closed","ping_status":"closed","sticky":false,"template":"","format":"standard","meta":{"footnotes":""},"categories":[6],"tags":[],"class_list":["post-24667","post","type-post","status-publish","format-standard","has-post-thumbnail","hentry","category-culturales"],"_links":{"self":[{"href":"https:\/\/sertv.gob.pa\/crisolfm\/wp-json\/wp\/v2\/posts\/24667","targetHints":{"allow":["GET"]}}],"collection":[{"href":"https:\/\/sertv.gob.pa\/crisolfm\/wp-json\/wp\/v2\/posts"}],"about":[{"href":"https:\/\/sertv.gob.pa\/crisolfm\/wp-json\/wp\/v2\/types\/post"}],"author":[{"embeddable":true,"href":"https:\/\/sertv.gob.pa\/crisolfm\/wp-json\/wp\/v2\/users\/64"}],"replies":[{"embeddable":true,"href":"https:\/\/sertv.gob.pa\/crisolfm\/wp-json\/wp\/v2\/comments?post=24667"}],"version-history":[{"count":1,"href":"https:\/\/sertv.gob.pa\/crisolfm\/wp-json\/wp\/v2\/posts\/24667\/revisions"}],"predecessor-version":[{"id":24669,"href":"https:\/\/sertv.gob.pa\/crisolfm\/wp-json\/wp\/v2\/posts\/24667\/revisions\/24669"}],"wp:featuredmedia":[{"embeddable":true,"href":"https:\/\/sertv.gob.pa\/crisolfm\/wp-json\/wp\/v2\/media\/24668"}],"wp:attachment":[{"href":"https:\/\/sertv.gob.pa\/crisolfm\/wp-json\/wp\/v2\/media?parent=24667"}],"wp:term":[{"taxonomy":"category","embeddable":true,"href":"https:\/\/sertv.gob.pa\/crisolfm\/wp-json\/wp\/v2\/categories?post=24667"},{"taxonomy":"post_tag","embeddable":true,"href":"https:\/\/sertv.gob.pa\/crisolfm\/wp-json\/wp\/v2\/tags?post=24667"}],"curies":[{"name":"wp","href":"https:\/\/api.w.org\/{rel}","templated":true}]}}