{"id":24689,"date":"2019-12-04T14:13:46","date_gmt":"2019-12-04T14:13:46","guid":{"rendered":"https:\/\/sertv.gob.pa\/crisolfm\/?p=24689"},"modified":"2019-12-04T15:17:20","modified_gmt":"2019-12-04T15:17:20","slug":"la-ciudad-alemana-de-erfurt-celebra-el-retorno-de-su-mural-de-josep-renau","status":"publish","type":"post","link":"https:\/\/sertv.gob.pa\/crisolfm\/la-ciudad-alemana-de-erfurt-celebra-el-retorno-de-su-mural-de-josep-renau\/","title":{"rendered":"La ciudad alemana de Erfurt celebra el retorno de su mural de Josep Renau"},"content":{"rendered":"<p>La ciudad alemana de Erfurt celebr\u00f3 este martes con una fiesta popular el regreso a su ubicaci\u00f3n original de la \u00faltima obra de Josep Renau (1907-1982), el mural \u00abEl hombre, la naturaleza y la t\u00e9cnica\u00bb, tras cuatro a\u00f1os de planificaci\u00f3n y trabajos de restauraci\u00f3n.<\/p>\n<p>El mosaico exterior, de 7&#215;30 metros, cuya ejecuci\u00f3n comenz\u00f3 en 1980, fue completado tras la muerte de Renau por el colectivo de artistas con el que el cartelista, fotomontador y muralista valenciano hab\u00eda trabajado en el dise\u00f1o del mismo y presentado en 1984 con motivo de la inauguraci\u00f3n del centro de cultura y ocio para el que hab\u00eda sido proyectado.<\/p>\n<p>M\u00e1s de dos d\u00e9cadas despu\u00e9s, cuando sobre el centro de cultura, ubicado en la plaza Moskauer Platz, pesaba la amenaza de demolici\u00f3n, vecinos, exalumnos y compa\u00f1eros de Renau y expertos en patrimonio sacaron adelante una iniciativa por la que la obra fue declarada monumento de inter\u00e9s hist\u00f3rico.<\/p>\n<p>La obra, cuyos 70 000 azulejos fueron convenientemente desmontados en 2009 por partes y almacenados en contenedores para su restauraci\u00f3n, sobrevivi\u00f3 as\u00ed a la demolici\u00f3n definitiva del centro cultural en 2013.<\/p>\n<p>EFE<\/p>\n","protected":false},"excerpt":{"rendered":"<p>La ciudad alemana de Erfurt celebr\u00f3 este martes con una <a href=\"https:\/\/sertv.gob.pa\/crisolfm\/la-ciudad-alemana-de-erfurt-celebra-el-retorno-de-su-mural-de-josep-renau\/\"> [&#8230;]<\/a><\/p>\n","protected":false},"author":64,"featured_media":24691,"comment_status":"closed","ping_status":"closed","sticky":false,"template":"","format":"standard","meta":{"footnotes":""},"categories":[6],"tags":[],"class_list":["post-24689","post","type-post","status-publish","format-standard","has-post-thumbnail","hentry","category-culturales"],"_links":{"self":[{"href":"https:\/\/sertv.gob.pa\/crisolfm\/wp-json\/wp\/v2\/posts\/24689","targetHints":{"allow":["GET"]}}],"collection":[{"href":"https:\/\/sertv.gob.pa\/crisolfm\/wp-json\/wp\/v2\/posts"}],"about":[{"href":"https:\/\/sertv.gob.pa\/crisolfm\/wp-json\/wp\/v2\/types\/post"}],"author":[{"embeddable":true,"href":"https:\/\/sertv.gob.pa\/crisolfm\/wp-json\/wp\/v2\/users\/64"}],"replies":[{"embeddable":true,"href":"https:\/\/sertv.gob.pa\/crisolfm\/wp-json\/wp\/v2\/comments?post=24689"}],"version-history":[{"count":1,"href":"https:\/\/sertv.gob.pa\/crisolfm\/wp-json\/wp\/v2\/posts\/24689\/revisions"}],"predecessor-version":[{"id":24692,"href":"https:\/\/sertv.gob.pa\/crisolfm\/wp-json\/wp\/v2\/posts\/24689\/revisions\/24692"}],"wp:featuredmedia":[{"embeddable":true,"href":"https:\/\/sertv.gob.pa\/crisolfm\/wp-json\/wp\/v2\/media\/24691"}],"wp:attachment":[{"href":"https:\/\/sertv.gob.pa\/crisolfm\/wp-json\/wp\/v2\/media?parent=24689"}],"wp:term":[{"taxonomy":"category","embeddable":true,"href":"https:\/\/sertv.gob.pa\/crisolfm\/wp-json\/wp\/v2\/categories?post=24689"},{"taxonomy":"post_tag","embeddable":true,"href":"https:\/\/sertv.gob.pa\/crisolfm\/wp-json\/wp\/v2\/tags?post=24689"}],"curies":[{"name":"wp","href":"https:\/\/api.w.org\/{rel}","templated":true}]}}