{"id":24711,"date":"2019-12-05T13:22:09","date_gmt":"2019-12-05T13:22:09","guid":{"rendered":"https:\/\/sertv.gob.pa\/crisolfm\/?p=24711"},"modified":"2019-12-05T13:22:09","modified_gmt":"2019-12-05T13:22:09","slug":"fallece-el-folclorista-panameno-eleuterio-pille-collado","status":"publish","type":"post","link":"https:\/\/sertv.gob.pa\/crisolfm\/fallece-el-folclorista-panameno-eleuterio-pille-collado\/","title":{"rendered":"Fallece el folclorista paname\u00f1o Eleuterio \u2018Pille\u2019 Collado"},"content":{"rendered":"<p>A los 91 a\u00f1os muri\u00f3, este mi\u00e9rcoles 4 de diciembre, el educador, folclorista, cantante y compositor <strong>Eleuterio &#8216;Pille\u2019 Collado<\/strong>, considerado una de las mejores voces de la d\u00e9cima paname\u00f1a. Nacido en la ciudad de Panam\u00e1, el 24 de febrero de 1928, Collado fue reconocido como el cantador de mejorana que m\u00e1s le ha cantado a Panam\u00e1 en sus versos decimeros. Seg\u00fan su biograf\u00eda, obtuvo una licenciatura en Filosof\u00eda y como docente labor\u00f3 en varios colegios del pa\u00eds, jubil\u00e1ndose en 1989.<\/p>\n<p>Igualmente fue actor y particip\u00f3 en obras dram\u00e1ticas y de comedia, pero su gran amor fue el folclor. Fue en 1948, cuando tuvo su primer encuentro con la d\u00e9cima, cuando por un accidente, particip\u00f3 de un programa radial. Gust\u00e1ndole su presentaci\u00f3n a los radioescuchas. Esa fue la puerta para que lograra ser productor de radio y televisi\u00f3n de programas como: A la hora del sesteo, All\u00e1 en el ranchito m\u00edo, El sol sale para todos, Panam\u00e1 canta con Pille Collado, Desde el conf\u00edn de los campos, entre otros. Trabaj\u00f3 con figuras de la \u00e9poca dorada de la radio y televisi\u00f3n como Blanquita Amaro y Robl\u00e1n.<\/p>\n<p>Entre sus \u00e9xitos discogr\u00e1ficos se pueden mencionar <strong>Zafa de aqu\u00ed gallinazo<\/strong>,<strong> El buhonero<\/strong>,<strong> La billetera<\/strong>,<strong> Yo tengo en la finca m\u00eda<\/strong>, <strong>La suegra<\/strong>,<strong> 9 de enero<\/strong>, <strong>La saloma<\/strong>,<strong> Ingrata y El carnicero<\/strong>. Fue distinguido con diversos homenajes en Panam\u00e1, Cuba, M\u00e9xico y Venezuela. Recibi\u00f3 la Orden Vasco N\u00fa\u00f1ez de Balboa, por parte del Ejecutivo, en abril de 2009.<\/p>\n<p>&nbsp;<\/p>\n","protected":false},"excerpt":{"rendered":"<p>A los 91 a\u00f1os muri\u00f3, este mi\u00e9rcoles 4 de diciembre, <a href=\"https:\/\/sertv.gob.pa\/crisolfm\/fallece-el-folclorista-panameno-eleuterio-pille-collado\/\"> [&#8230;]<\/a><\/p>\n","protected":false},"author":64,"featured_media":24712,"comment_status":"closed","ping_status":"closed","sticky":false,"template":"","format":"standard","meta":{"footnotes":""},"categories":[6],"tags":[],"class_list":["post-24711","post","type-post","status-publish","format-standard","has-post-thumbnail","hentry","category-culturales"],"_links":{"self":[{"href":"https:\/\/sertv.gob.pa\/crisolfm\/wp-json\/wp\/v2\/posts\/24711","targetHints":{"allow":["GET"]}}],"collection":[{"href":"https:\/\/sertv.gob.pa\/crisolfm\/wp-json\/wp\/v2\/posts"}],"about":[{"href":"https:\/\/sertv.gob.pa\/crisolfm\/wp-json\/wp\/v2\/types\/post"}],"author":[{"embeddable":true,"href":"https:\/\/sertv.gob.pa\/crisolfm\/wp-json\/wp\/v2\/users\/64"}],"replies":[{"embeddable":true,"href":"https:\/\/sertv.gob.pa\/crisolfm\/wp-json\/wp\/v2\/comments?post=24711"}],"version-history":[{"count":1,"href":"https:\/\/sertv.gob.pa\/crisolfm\/wp-json\/wp\/v2\/posts\/24711\/revisions"}],"predecessor-version":[{"id":24713,"href":"https:\/\/sertv.gob.pa\/crisolfm\/wp-json\/wp\/v2\/posts\/24711\/revisions\/24713"}],"wp:featuredmedia":[{"embeddable":true,"href":"https:\/\/sertv.gob.pa\/crisolfm\/wp-json\/wp\/v2\/media\/24712"}],"wp:attachment":[{"href":"https:\/\/sertv.gob.pa\/crisolfm\/wp-json\/wp\/v2\/media?parent=24711"}],"wp:term":[{"taxonomy":"category","embeddable":true,"href":"https:\/\/sertv.gob.pa\/crisolfm\/wp-json\/wp\/v2\/categories?post=24711"},{"taxonomy":"post_tag","embeddable":true,"href":"https:\/\/sertv.gob.pa\/crisolfm\/wp-json\/wp\/v2\/tags?post=24711"}],"curies":[{"name":"wp","href":"https:\/\/api.w.org\/{rel}","templated":true}]}}