{"id":24723,"date":"2019-12-05T13:50:01","date_gmt":"2019-12-05T13:50:01","guid":{"rendered":"https:\/\/sertv.gob.pa\/crisolfm\/?p=24723"},"modified":"2019-12-05T13:50:01","modified_gmt":"2019-12-05T13:50:01","slug":"las-emisiones-de-co2-en-2019-agravara-aun-mas-la-crisis-climatica","status":"publish","type":"post","link":"https:\/\/sertv.gob.pa\/crisolfm\/las-emisiones-de-co2-en-2019-agravara-aun-mas-la-crisis-climatica\/","title":{"rendered":"Las emisiones de CO2 en 2019 agravar\u00e1 a\u00fan m\u00e1s la crisis clim\u00e1tica"},"content":{"rendered":"<p>El r\u00e9cord de emisiones de CO2 en la atm\u00f3sfera en 2019 que aumentar\u00e1n el 0.6% respecto al a\u00f1o pasado, seg\u00fan un prestigioso informe cient\u00edfico publicado ayer mi\u00e9rcoles, dificultar\u00e1 a\u00fan m\u00e1s la lucha contra la crisis clim\u00e1tica y el logro de los objetivos decididos por los pa\u00edses en el Acuerdo de Par\u00eds. As\u00ed lo asegur\u00f3 Glen Peters, director del centro de investigaci\u00f3n Cicero, en Oslo, en representaci\u00f3n de la organizaci\u00f3n cient\u00edfica internacional Global Carbon Project, que public\u00f3 ayer mi\u00e9rcoles su \u00faltimo informe anual de previsiones sobre emisiones de di\u00f3xido de carbono, cuyas conclusiones han sido debatidas en la Cumbre del Clima en Madrid.<\/p>\n<p>El estudio de esta asociaci\u00f3n, que involucra a numerosas organizaciones cient\u00edficas de diversos pa\u00edses, ha sido publicado en Nature Climate Change, Earth System Science Data y Environmental Research Letters y confirma que el aumento de emisiones de CO2 previsto en 2019 se deber\u00e1 principalmente al fuerte incremento del uso de gas natural y petr\u00f3leo, mientras que el consumo de carb\u00f3n se ha reducido.<\/p>\n<p>Aunque en 2017, las emisiones de di\u00f3xido de carbono crecieron un 1.5%, y en 2018, un 2.1%, el nuevo dato en 2019 confirma un menor aumento, pero la noticia \u201cno es alentadora\u201d, dado que se sigue en la direcci\u00f3n equivocada para avanzar en los objetivos de mitigaci\u00f3n de la crisis clim\u00e1tica, seg\u00fan Peters.<\/p>\n<p>EFE<\/p>\n","protected":false},"excerpt":{"rendered":"<p>El r\u00e9cord de emisiones de CO2 en la atm\u00f3sfera en <a href=\"https:\/\/sertv.gob.pa\/crisolfm\/las-emisiones-de-co2-en-2019-agravara-aun-mas-la-crisis-climatica\/\"> [&#8230;]<\/a><\/p>\n","protected":false},"author":64,"featured_media":24724,"comment_status":"closed","ping_status":"closed","sticky":false,"template":"","format":"standard","meta":{"footnotes":""},"categories":[7],"tags":[],"class_list":["post-24723","post","type-post","status-publish","format-standard","has-post-thumbnail","hentry","category-ecologicas"],"_links":{"self":[{"href":"https:\/\/sertv.gob.pa\/crisolfm\/wp-json\/wp\/v2\/posts\/24723","targetHints":{"allow":["GET"]}}],"collection":[{"href":"https:\/\/sertv.gob.pa\/crisolfm\/wp-json\/wp\/v2\/posts"}],"about":[{"href":"https:\/\/sertv.gob.pa\/crisolfm\/wp-json\/wp\/v2\/types\/post"}],"author":[{"embeddable":true,"href":"https:\/\/sertv.gob.pa\/crisolfm\/wp-json\/wp\/v2\/users\/64"}],"replies":[{"embeddable":true,"href":"https:\/\/sertv.gob.pa\/crisolfm\/wp-json\/wp\/v2\/comments?post=24723"}],"version-history":[{"count":1,"href":"https:\/\/sertv.gob.pa\/crisolfm\/wp-json\/wp\/v2\/posts\/24723\/revisions"}],"predecessor-version":[{"id":24725,"href":"https:\/\/sertv.gob.pa\/crisolfm\/wp-json\/wp\/v2\/posts\/24723\/revisions\/24725"}],"wp:featuredmedia":[{"embeddable":true,"href":"https:\/\/sertv.gob.pa\/crisolfm\/wp-json\/wp\/v2\/media\/24724"}],"wp:attachment":[{"href":"https:\/\/sertv.gob.pa\/crisolfm\/wp-json\/wp\/v2\/media?parent=24723"}],"wp:term":[{"taxonomy":"category","embeddable":true,"href":"https:\/\/sertv.gob.pa\/crisolfm\/wp-json\/wp\/v2\/categories?post=24723"},{"taxonomy":"post_tag","embeddable":true,"href":"https:\/\/sertv.gob.pa\/crisolfm\/wp-json\/wp\/v2\/tags?post=24723"}],"curies":[{"name":"wp","href":"https:\/\/api.w.org\/{rel}","templated":true}]}}