{"id":24771,"date":"2019-12-10T14:06:24","date_gmt":"2019-12-10T14:06:24","guid":{"rendered":"https:\/\/sertv.gob.pa\/crisolfm\/?p=24771"},"modified":"2019-12-10T14:06:24","modified_gmt":"2019-12-10T14:06:24","slug":"zoologico-de-berlin-presenta-a-dos-bebes-pandas-gemelos","status":"publish","type":"post","link":"https:\/\/sertv.gob.pa\/crisolfm\/zoologico-de-berlin-presenta-a-dos-bebes-pandas-gemelos\/","title":{"rendered":"Zool\u00f3gico de Berl\u00edn presenta a dos beb\u00e9s pandas gemelos"},"content":{"rendered":"<p>El parque zool\u00f3gico de Berl\u00edn present\u00f3 el lunes a sus dos nuevas estrellas, los dos primeros pandas gemelos nacidos en Alemania, a finales de agosto, y que ser\u00e1n llamados <strong>Meng Yuan<\/strong> y <strong>Meng Xiang<\/strong>.<\/p>\n<p>Como reza la tradici\u00f3n china, los dos mam\u00edferos, dos machos, fueron bautizados 100 d\u00edas despu\u00e9s de su nacimiento, y fueron presentados a la prensa por el alcalde de Berl\u00edn, <strong>Michael M\u00fcller<\/strong>, y el embajador chino, <strong>Wu Ken<\/strong>.<\/p>\n<p>Meng Xiang (\u00abSue\u00f1o deseado\u00bb) y Meng Yuan (\u00abSue\u00f1o cumplido\u00bb) nacieron el 31 de agosto en el zoo, tras una inseminaci\u00f3n artificial para aumentar las posibilidades de fecundaci\u00f3n. Pesan casi seis kilos cada uno.<\/p>\n<p>Los visitantes del jard\u00edn zool\u00f3gico de Berl\u00edn, uno de los dos zoos de la ciudad, junto con el Tierpark, situado en la antigua zona este de la capital, no podr\u00e1n ver a los dos oseznos hasta que se hayan familiarizado con el entorno.<\/p>\n<p>AFP<\/p>\n","protected":false},"excerpt":{"rendered":"<p>El parque zool\u00f3gico de Berl\u00edn present\u00f3 el lunes a sus <a href=\"https:\/\/sertv.gob.pa\/crisolfm\/zoologico-de-berlin-presenta-a-dos-bebes-pandas-gemelos\/\"> [&#8230;]<\/a><\/p>\n","protected":false},"author":64,"featured_media":24772,"comment_status":"closed","ping_status":"closed","sticky":false,"template":"","format":"standard","meta":{"footnotes":""},"categories":[7],"tags":[],"class_list":["post-24771","post","type-post","status-publish","format-standard","has-post-thumbnail","hentry","category-ecologicas"],"_links":{"self":[{"href":"https:\/\/sertv.gob.pa\/crisolfm\/wp-json\/wp\/v2\/posts\/24771","targetHints":{"allow":["GET"]}}],"collection":[{"href":"https:\/\/sertv.gob.pa\/crisolfm\/wp-json\/wp\/v2\/posts"}],"about":[{"href":"https:\/\/sertv.gob.pa\/crisolfm\/wp-json\/wp\/v2\/types\/post"}],"author":[{"embeddable":true,"href":"https:\/\/sertv.gob.pa\/crisolfm\/wp-json\/wp\/v2\/users\/64"}],"replies":[{"embeddable":true,"href":"https:\/\/sertv.gob.pa\/crisolfm\/wp-json\/wp\/v2\/comments?post=24771"}],"version-history":[{"count":1,"href":"https:\/\/sertv.gob.pa\/crisolfm\/wp-json\/wp\/v2\/posts\/24771\/revisions"}],"predecessor-version":[{"id":24773,"href":"https:\/\/sertv.gob.pa\/crisolfm\/wp-json\/wp\/v2\/posts\/24771\/revisions\/24773"}],"wp:featuredmedia":[{"embeddable":true,"href":"https:\/\/sertv.gob.pa\/crisolfm\/wp-json\/wp\/v2\/media\/24772"}],"wp:attachment":[{"href":"https:\/\/sertv.gob.pa\/crisolfm\/wp-json\/wp\/v2\/media?parent=24771"}],"wp:term":[{"taxonomy":"category","embeddable":true,"href":"https:\/\/sertv.gob.pa\/crisolfm\/wp-json\/wp\/v2\/categories?post=24771"},{"taxonomy":"post_tag","embeddable":true,"href":"https:\/\/sertv.gob.pa\/crisolfm\/wp-json\/wp\/v2\/tags?post=24771"}],"curies":[{"name":"wp","href":"https:\/\/api.w.org\/{rel}","templated":true}]}}