{"id":24783,"date":"2019-12-10T14:31:13","date_gmt":"2019-12-10T14:31:13","guid":{"rendered":"https:\/\/sertv.gob.pa\/crisolfm\/?p=24783"},"modified":"2019-12-10T14:31:13","modified_gmt":"2019-12-10T14:31:13","slug":"mas-de-81000-personas-se-dieron-un-atracon-de-arte-en-el-art-basel-de-miami","status":"publish","type":"post","link":"https:\/\/sertv.gob.pa\/crisolfm\/mas-de-81000-personas-se-dieron-un-atracon-de-arte-en-el-art-basel-de-miami\/","title":{"rendered":"M\u00e1s de 81,000 personas se dieron un atrac\u00f3n de arte en el Art Basel de Miami"},"content":{"rendered":"<p>M\u00e1s de 81.000 personas visitaron la feria Art Basel de Miami Beach, que del 5 al 8 de diciembre reuni\u00f3 a m\u00e1s de 4.000 artistas de 269 galer\u00edas provenientes de 70 pa\u00edses de todo el mundo, y que se consolida como \u00abel foro l\u00edder de arte moderno y contempor\u00e1neo de la regi\u00f3n\u00bb.<\/p>\n<p>En un comunicado, el director de Art Basel para Am\u00e9rica, Noah Horowitz, asegur\u00f3 que \u00abla feria se ha convertido en el evento cultural ineludible tanto para coleccionistas como para la siguiente generaci\u00f3n de mecenas, as\u00ed como un punto de reuni\u00f3n para la clase creativa americana\u00bb.<\/p>\n<p>La feria, que abri\u00f3 sus puertas el pasado jueves, culmin\u00f3 su d\u00e9cimo s\u00e9ptima edici\u00f3n este domingo con peores cifras de asistencia respecto a 2018, a\u00f1o en el que logr\u00f3 acoger a m\u00e1s de 83.000 visitantes.<\/p>\n<p>Pese a que la organizaci\u00f3n no ofreci\u00f3 datos oficiales sobre las ventas, los due\u00f1os de varias galer\u00edas afirmaron que esta edici\u00f3n ha sido muy \u00abfruct\u00edfera\u00bb en este sentido. \u00abEsta ha sido una de las ediciones de mayor \u00e9xito en Miami Beach hasta la fecha, lo que significa que Art Basel sigue siendo una de las m\u00e1s respetadas, serias y relevantes ferias de arte a nivel internacional\u00bb, se\u00f1al\u00f3 una de las due\u00f1as de la galer\u00eda Spr\u00fcth Magers, Monika Spr\u00fcth.<\/p>\n<p>EFE<\/p>\n","protected":false},"excerpt":{"rendered":"<p>M\u00e1s de 81.000 personas visitaron la feria Art Basel de <a href=\"https:\/\/sertv.gob.pa\/crisolfm\/mas-de-81000-personas-se-dieron-un-atracon-de-arte-en-el-art-basel-de-miami\/\"> [&#8230;]<\/a><\/p>\n","protected":false},"author":64,"featured_media":24784,"comment_status":"closed","ping_status":"closed","sticky":false,"template":"","format":"standard","meta":{"footnotes":""},"categories":[6],"tags":[],"class_list":["post-24783","post","type-post","status-publish","format-standard","has-post-thumbnail","hentry","category-culturales"],"_links":{"self":[{"href":"https:\/\/sertv.gob.pa\/crisolfm\/wp-json\/wp\/v2\/posts\/24783","targetHints":{"allow":["GET"]}}],"collection":[{"href":"https:\/\/sertv.gob.pa\/crisolfm\/wp-json\/wp\/v2\/posts"}],"about":[{"href":"https:\/\/sertv.gob.pa\/crisolfm\/wp-json\/wp\/v2\/types\/post"}],"author":[{"embeddable":true,"href":"https:\/\/sertv.gob.pa\/crisolfm\/wp-json\/wp\/v2\/users\/64"}],"replies":[{"embeddable":true,"href":"https:\/\/sertv.gob.pa\/crisolfm\/wp-json\/wp\/v2\/comments?post=24783"}],"version-history":[{"count":1,"href":"https:\/\/sertv.gob.pa\/crisolfm\/wp-json\/wp\/v2\/posts\/24783\/revisions"}],"predecessor-version":[{"id":24785,"href":"https:\/\/sertv.gob.pa\/crisolfm\/wp-json\/wp\/v2\/posts\/24783\/revisions\/24785"}],"wp:featuredmedia":[{"embeddable":true,"href":"https:\/\/sertv.gob.pa\/crisolfm\/wp-json\/wp\/v2\/media\/24784"}],"wp:attachment":[{"href":"https:\/\/sertv.gob.pa\/crisolfm\/wp-json\/wp\/v2\/media?parent=24783"}],"wp:term":[{"taxonomy":"category","embeddable":true,"href":"https:\/\/sertv.gob.pa\/crisolfm\/wp-json\/wp\/v2\/categories?post=24783"},{"taxonomy":"post_tag","embeddable":true,"href":"https:\/\/sertv.gob.pa\/crisolfm\/wp-json\/wp\/v2\/tags?post=24783"}],"curies":[{"name":"wp","href":"https:\/\/api.w.org\/{rel}","templated":true}]}}