{"id":24786,"date":"2019-12-10T14:39:52","date_gmt":"2019-12-10T14:39:52","guid":{"rendered":"https:\/\/sertv.gob.pa\/crisolfm\/?p=24786"},"modified":"2019-12-10T14:39:52","modified_gmt":"2019-12-10T14:39:52","slug":"impulsan-la-berrea-como-producto-turistico","status":"publish","type":"post","link":"https:\/\/sertv.gob.pa\/crisolfm\/impulsan-la-berrea-como-producto-turistico\/","title":{"rendered":"Impulsan la berrea como producto tur\u00edstico"},"content":{"rendered":"<p>El Patronato de Turismo de la Diputaci\u00f3n Provincial de C\u00e1diz gestiona junto al Ayuntamiento de Alcal\u00e1 de los Gazules una visita para agencias de viajes receptivas nacionales con el objetivo de dar a conocer las posibilidades de la<strong> berrea del ciervo <\/strong>como producto tur\u00edstico.<\/p>\n<p>La primera acci\u00f3n ser\u00e1 disfrutar de la berrea que se produce a \u00faltima hora de la tarde en el Parque de los Alcornocales, mientras que la jornada del viernes la dedicar\u00e1n a conocer la localidad de <strong>Alcal\u00e1 de los Gazules<\/strong>, donde asistir\u00e1n a la inauguraci\u00f3n de la Feria de la Caza, para posteriormente visitar la Ermita-Santuario de Nuestra Se\u00f1ora de Los Santos.<\/p>\n<p>Antes de regresar a sus ciudades de origen los agentes de viaje podr\u00e1n conocer el Centro de Visitantes \u00abEl Aljibe\u00bb, el Jard\u00edn Bot\u00e1nico y Suberoteca.<\/p>\n<p>En esta acci\u00f3n participan cinco agencias de viaje especializadas en <strong>turismo de<\/strong> <strong>naturaleza<\/strong> y proceden de las provincias de M\u00e1laga, Guip\u00fazcoa, Barcelona, Valencia y C\u00e1diz.<\/p>\n<p>ECOticias<\/p>\n","protected":false},"excerpt":{"rendered":"<p>El Patronato de Turismo de la Diputaci\u00f3n Provincial de C\u00e1diz <a href=\"https:\/\/sertv.gob.pa\/crisolfm\/impulsan-la-berrea-como-producto-turistico\/\"> [&#8230;]<\/a><\/p>\n","protected":false},"author":64,"featured_media":24787,"comment_status":"closed","ping_status":"closed","sticky":false,"template":"","format":"standard","meta":{"footnotes":""},"categories":[7],"tags":[],"class_list":["post-24786","post","type-post","status-publish","format-standard","has-post-thumbnail","hentry","category-ecologicas"],"_links":{"self":[{"href":"https:\/\/sertv.gob.pa\/crisolfm\/wp-json\/wp\/v2\/posts\/24786","targetHints":{"allow":["GET"]}}],"collection":[{"href":"https:\/\/sertv.gob.pa\/crisolfm\/wp-json\/wp\/v2\/posts"}],"about":[{"href":"https:\/\/sertv.gob.pa\/crisolfm\/wp-json\/wp\/v2\/types\/post"}],"author":[{"embeddable":true,"href":"https:\/\/sertv.gob.pa\/crisolfm\/wp-json\/wp\/v2\/users\/64"}],"replies":[{"embeddable":true,"href":"https:\/\/sertv.gob.pa\/crisolfm\/wp-json\/wp\/v2\/comments?post=24786"}],"version-history":[{"count":1,"href":"https:\/\/sertv.gob.pa\/crisolfm\/wp-json\/wp\/v2\/posts\/24786\/revisions"}],"predecessor-version":[{"id":24788,"href":"https:\/\/sertv.gob.pa\/crisolfm\/wp-json\/wp\/v2\/posts\/24786\/revisions\/24788"}],"wp:featuredmedia":[{"embeddable":true,"href":"https:\/\/sertv.gob.pa\/crisolfm\/wp-json\/wp\/v2\/media\/24787"}],"wp:attachment":[{"href":"https:\/\/sertv.gob.pa\/crisolfm\/wp-json\/wp\/v2\/media?parent=24786"}],"wp:term":[{"taxonomy":"category","embeddable":true,"href":"https:\/\/sertv.gob.pa\/crisolfm\/wp-json\/wp\/v2\/categories?post=24786"},{"taxonomy":"post_tag","embeddable":true,"href":"https:\/\/sertv.gob.pa\/crisolfm\/wp-json\/wp\/v2\/tags?post=24786"}],"curies":[{"name":"wp","href":"https:\/\/api.w.org\/{rel}","templated":true}]}}