{"id":24803,"date":"2019-12-11T13:11:50","date_gmt":"2019-12-11T13:11:50","guid":{"rendered":"https:\/\/sertv.gob.pa\/crisolfm\/?p=24803"},"modified":"2019-12-11T13:11:50","modified_gmt":"2019-12-11T13:11:50","slug":"miambiente-reconoce-titulos-de-tierras-colectivas","status":"publish","type":"post","link":"https:\/\/sertv.gob.pa\/crisolfm\/miambiente-reconoce-titulos-de-tierras-colectivas\/","title":{"rendered":"MiAmbiente reconoce t\u00edtulos de tierras colectivas"},"content":{"rendered":"<p>Las comunidades ind\u00edgenas que quedaron fuera de las comarcas finalmente podr\u00e1n obtener el t\u00edtulo de tierras colectivas, incluso, dentro de las zonas protegidas. El Ministerio de Ambiente (MiAmbiente), mediante la Resoluci\u00f3n No. 0617 del 29 de noviembre de 2019. ordena seguir con los tr\u00e1mites de t\u00edtulo de tierras colectivas a las comunidades ind\u00edgenas que han certificado su ocupaci\u00f3n tradicional antes.<\/p>\n<p>En la resoluci\u00f3n igualmente se solicita al viceministerio de Asuntos Ind\u00edgenas para que, mediante informe t\u00e9cnico, certifique si las comunidades ind\u00edgenas fueron constituidas antes de la creaci\u00f3n del \u00e1rea protegida o la entrada en vigencia de la Ley 1 del 3 de febrero de 1994, mejor conocida como la Ley forestal.<\/p>\n<p>\u201cEl derecho a la propiedad colectiva sobre las tierras ocupadas tradicionalmente por comunidades ind\u00edgenas desde antes de la creaci\u00f3n de las \u00e1reas protegidas y de la Ley 1 excluye el derecho a la propiedad del Estado sobre dichas tierras\u201d, indica la resoluci\u00f3n de MiAmbiente.<\/p>\n<p>&nbsp;<\/p>\n","protected":false},"excerpt":{"rendered":"<p>Las comunidades ind\u00edgenas que quedaron fuera de las comarcas finalmente <a href=\"https:\/\/sertv.gob.pa\/crisolfm\/miambiente-reconoce-titulos-de-tierras-colectivas\/\"> [&#8230;]<\/a><\/p>\n","protected":false},"author":64,"featured_media":24804,"comment_status":"closed","ping_status":"closed","sticky":false,"template":"","format":"standard","meta":{"footnotes":""},"categories":[7],"tags":[],"class_list":["post-24803","post","type-post","status-publish","format-standard","has-post-thumbnail","hentry","category-ecologicas"],"_links":{"self":[{"href":"https:\/\/sertv.gob.pa\/crisolfm\/wp-json\/wp\/v2\/posts\/24803","targetHints":{"allow":["GET"]}}],"collection":[{"href":"https:\/\/sertv.gob.pa\/crisolfm\/wp-json\/wp\/v2\/posts"}],"about":[{"href":"https:\/\/sertv.gob.pa\/crisolfm\/wp-json\/wp\/v2\/types\/post"}],"author":[{"embeddable":true,"href":"https:\/\/sertv.gob.pa\/crisolfm\/wp-json\/wp\/v2\/users\/64"}],"replies":[{"embeddable":true,"href":"https:\/\/sertv.gob.pa\/crisolfm\/wp-json\/wp\/v2\/comments?post=24803"}],"version-history":[{"count":1,"href":"https:\/\/sertv.gob.pa\/crisolfm\/wp-json\/wp\/v2\/posts\/24803\/revisions"}],"predecessor-version":[{"id":24805,"href":"https:\/\/sertv.gob.pa\/crisolfm\/wp-json\/wp\/v2\/posts\/24803\/revisions\/24805"}],"wp:featuredmedia":[{"embeddable":true,"href":"https:\/\/sertv.gob.pa\/crisolfm\/wp-json\/wp\/v2\/media\/24804"}],"wp:attachment":[{"href":"https:\/\/sertv.gob.pa\/crisolfm\/wp-json\/wp\/v2\/media?parent=24803"}],"wp:term":[{"taxonomy":"category","embeddable":true,"href":"https:\/\/sertv.gob.pa\/crisolfm\/wp-json\/wp\/v2\/categories?post=24803"},{"taxonomy":"post_tag","embeddable":true,"href":"https:\/\/sertv.gob.pa\/crisolfm\/wp-json\/wp\/v2\/tags?post=24803"}],"curies":[{"name":"wp","href":"https:\/\/api.w.org\/{rel}","templated":true}]}}