{"id":24812,"date":"2019-12-11T13:24:52","date_gmt":"2019-12-11T13:24:52","guid":{"rendered":"https:\/\/sertv.gob.pa\/crisolfm\/?p=24812"},"modified":"2019-12-11T13:24:52","modified_gmt":"2019-12-11T13:24:52","slug":"el-cambio-climatico-mermara-el-oxigeno-de-los-oceanos-hasta-un-4-en-2100","status":"publish","type":"post","link":"https:\/\/sertv.gob.pa\/crisolfm\/el-cambio-climatico-mermara-el-oxigeno-de-los-oceanos-hasta-un-4-en-2100\/","title":{"rendered":"El cambio clim\u00e1tico mermar\u00e1 el ox\u00edgeno de los oc\u00e9anos hasta un 4 % en 2100"},"content":{"rendered":"<p><strong>El inventario<\/strong> mundial <strong>de ox\u00edgeno del oc\u00e9ano<\/strong> ha <strong>disminuido un 2 por ciento<\/strong> entre 1960 y 2010 y se prev\u00e9 que <strong>para el a\u00f1o 2100 esa cantidad se reduzca<\/strong> entre un 3 y un 4 por ciento adicional a causa del calentamiento global, con efectos dram\u00e1ticos sobre los h\u00e1bitats y las econom\u00edas costeras que dependen de ellos<\/p>\n<p>As\u00ed se desprende del informe de la Uni\u00f3n Internacional para la Conservaci\u00f3n de la Naturaleza (IUCN, por sus siglas en ingl\u00e9s) &#8216;La desoxigenaci\u00f3n de los oc\u00e9anos: un problema de todos&#8217;, presentado este s\u00e1bado en la XXV Conferencia de Naciones Unidas Sobre Cambio Clim\u00e1tico (COP25)<\/p>\n<p>Seg\u00fan el estudio, <strong>la p\u00e9rdida de ox\u00edgeno<\/strong> oce\u00e1nico est\u00e1 estrechamente relacionada con el calentamiento y la acidificaci\u00f3n de los oc\u00e9anos causados por el aumento de di\u00f3xido de carbono (CO2), a su vez consecuencia de las emisiones de gases de efecto invernadero (GEI) y de la llamada fertilizaci\u00f3n de los oc\u00e9anos<\/p>\n<p>La mayor parte del exceso de calor retenido por la Tierra <strong>es absorbida por los oc\u00e9anos<\/strong>, lo que inhibe la difusi\u00f3n del ox\u00edgeno de la superficie a las profundidades, y el aumento de nutrientes que llegan a trav\u00e9s de los r\u00edos promueve la proliferaci\u00f3n de algas y el consiguiente aumento de la demanda de ox\u00edgeno, ha explicado Dan Laffoley, del programa de Ciencia y Conservaci\u00f3n marina de la IUCN<\/p>\n<p>Seg\u00fan el informe,<strong> el promedio mundial de desoxigenaci\u00f3n<\/strong> esconde unos cambios locales que podr\u00edan ser m\u00e1s severos en latitudes medias o altas y as\u00ed, algunas simulaciones de modelos oc\u00e9anicos proyectan para el a\u00f1o 2100 una disminuci\u00f3n del stock de ox\u00edgeno de los oc\u00e9anos de <strong>hasta un 7 por ciento en un escenario sin cambios.<\/strong><\/p>\n<p>EFE<\/p>\n","protected":false},"excerpt":{"rendered":"<p>El inventario mundial de ox\u00edgeno del oc\u00e9ano ha disminuido un <a href=\"https:\/\/sertv.gob.pa\/crisolfm\/el-cambio-climatico-mermara-el-oxigeno-de-los-oceanos-hasta-un-4-en-2100\/\"> [&#8230;]<\/a><\/p>\n","protected":false},"author":64,"featured_media":24813,"comment_status":"closed","ping_status":"closed","sticky":false,"template":"","format":"standard","meta":{"footnotes":""},"categories":[7],"tags":[],"class_list":["post-24812","post","type-post","status-publish","format-standard","has-post-thumbnail","hentry","category-ecologicas"],"_links":{"self":[{"href":"https:\/\/sertv.gob.pa\/crisolfm\/wp-json\/wp\/v2\/posts\/24812","targetHints":{"allow":["GET"]}}],"collection":[{"href":"https:\/\/sertv.gob.pa\/crisolfm\/wp-json\/wp\/v2\/posts"}],"about":[{"href":"https:\/\/sertv.gob.pa\/crisolfm\/wp-json\/wp\/v2\/types\/post"}],"author":[{"embeddable":true,"href":"https:\/\/sertv.gob.pa\/crisolfm\/wp-json\/wp\/v2\/users\/64"}],"replies":[{"embeddable":true,"href":"https:\/\/sertv.gob.pa\/crisolfm\/wp-json\/wp\/v2\/comments?post=24812"}],"version-history":[{"count":1,"href":"https:\/\/sertv.gob.pa\/crisolfm\/wp-json\/wp\/v2\/posts\/24812\/revisions"}],"predecessor-version":[{"id":24814,"href":"https:\/\/sertv.gob.pa\/crisolfm\/wp-json\/wp\/v2\/posts\/24812\/revisions\/24814"}],"wp:featuredmedia":[{"embeddable":true,"href":"https:\/\/sertv.gob.pa\/crisolfm\/wp-json\/wp\/v2\/media\/24813"}],"wp:attachment":[{"href":"https:\/\/sertv.gob.pa\/crisolfm\/wp-json\/wp\/v2\/media?parent=24812"}],"wp:term":[{"taxonomy":"category","embeddable":true,"href":"https:\/\/sertv.gob.pa\/crisolfm\/wp-json\/wp\/v2\/categories?post=24812"},{"taxonomy":"post_tag","embeddable":true,"href":"https:\/\/sertv.gob.pa\/crisolfm\/wp-json\/wp\/v2\/tags?post=24812"}],"curies":[{"name":"wp","href":"https:\/\/api.w.org\/{rel}","templated":true}]}}