{"id":24815,"date":"2019-12-11T13:46:14","date_gmt":"2019-12-11T13:46:14","guid":{"rendered":"https:\/\/sertv.gob.pa\/crisolfm\/?p=24815"},"modified":"2019-12-11T13:46:14","modified_gmt":"2019-12-11T13:46:14","slug":"handke-recibe-el-nobel-de-literatura-en-estocolmo-bajo-una-lluvia-de-criticas","status":"publish","type":"post","link":"https:\/\/sertv.gob.pa\/crisolfm\/handke-recibe-el-nobel-de-literatura-en-estocolmo-bajo-una-lluvia-de-criticas\/","title":{"rendered":"Handke recibe el Nobel de Literatura en Estocolmo bajo una lluvia de cr\u00edticas"},"content":{"rendered":"<p><strong>Peter Handke<\/strong> recibi\u00f3 el <a href=\"https:\/\/www.prensa.com\/tema\/nobel-de-literatura\/\" target=\"_blank\" rel=\"noopener\">premio Nobel de Literatura<\/a> este martes 10 de diciembre en Estocolmo, donde manifestantes y personalidades denunciaron las posturas proserbias del escritor austriaco en las guerras de la ex-Yugoslavia en los a\u00f1os 1990.<\/p>\n<p>Al decidir, en octubre, otorgarle el prestigioso galard\u00f3n al novelista de Carintia, la <a href=\"https:\/\/www.prensa.com\/tema\/academia-sueca\/\" target=\"_blank\" rel=\"noopener\">Academia sueca<\/a> suscit\u00f3 una ola de indignaci\u00f3n en los Balcanes y en otras partes del mundo por el apoyo de Handke al otrora hombre fuerte de Belgrado, Slobodan Milosevic.<\/p>\n<p>Hasta el presidente turco Recep Tayyip Erdogan, se dijo indignado por este Nobel que, a sus ojos, \u00abno tiene ning\u00fan valor\u00bb. \u00abEntregar el premio Nobel de Literatura el d\u00eda de los derechos humanos a un personaje que niega el genocidio en Bosnia-Herzegovina es como premiar las violaciones de los derechos humanos\u00bb, declar\u00f3 este martes en la televisi\u00f3n turca.<\/p>\n<p>A sus 77 a\u00f1os, Peter Handke recibi\u00f3 el galard\u00f3n de manos del rey Carlos XVI Gustavo durante una ceremonia formal con los laureados de las otras categor\u00edas, excepto la de la Paz, cuyo galard\u00f3n se entreg\u00f3 en Oslo al ministro et\u00edope, Abiy Ahmed, por la reconciliaci\u00f3n llevada a cabo con Eritrea. Las celebraciones culminar\u00e1n con un suntuoso banquete al que fueron invitados 1.200 personas elegidas al azar.<\/p>\n<p>AFP<\/p>\n","protected":false},"excerpt":{"rendered":"<p>Peter Handke recibi\u00f3 el premio Nobel de Literatura este martes <a href=\"https:\/\/sertv.gob.pa\/crisolfm\/handke-recibe-el-nobel-de-literatura-en-estocolmo-bajo-una-lluvia-de-criticas\/\"> [&#8230;]<\/a><\/p>\n","protected":false},"author":64,"featured_media":24816,"comment_status":"closed","ping_status":"closed","sticky":false,"template":"","format":"standard","meta":{"footnotes":""},"categories":[6],"tags":[],"class_list":["post-24815","post","type-post","status-publish","format-standard","has-post-thumbnail","hentry","category-culturales"],"_links":{"self":[{"href":"https:\/\/sertv.gob.pa\/crisolfm\/wp-json\/wp\/v2\/posts\/24815","targetHints":{"allow":["GET"]}}],"collection":[{"href":"https:\/\/sertv.gob.pa\/crisolfm\/wp-json\/wp\/v2\/posts"}],"about":[{"href":"https:\/\/sertv.gob.pa\/crisolfm\/wp-json\/wp\/v2\/types\/post"}],"author":[{"embeddable":true,"href":"https:\/\/sertv.gob.pa\/crisolfm\/wp-json\/wp\/v2\/users\/64"}],"replies":[{"embeddable":true,"href":"https:\/\/sertv.gob.pa\/crisolfm\/wp-json\/wp\/v2\/comments?post=24815"}],"version-history":[{"count":1,"href":"https:\/\/sertv.gob.pa\/crisolfm\/wp-json\/wp\/v2\/posts\/24815\/revisions"}],"predecessor-version":[{"id":24817,"href":"https:\/\/sertv.gob.pa\/crisolfm\/wp-json\/wp\/v2\/posts\/24815\/revisions\/24817"}],"wp:featuredmedia":[{"embeddable":true,"href":"https:\/\/sertv.gob.pa\/crisolfm\/wp-json\/wp\/v2\/media\/24816"}],"wp:attachment":[{"href":"https:\/\/sertv.gob.pa\/crisolfm\/wp-json\/wp\/v2\/media?parent=24815"}],"wp:term":[{"taxonomy":"category","embeddable":true,"href":"https:\/\/sertv.gob.pa\/crisolfm\/wp-json\/wp\/v2\/categories?post=24815"},{"taxonomy":"post_tag","embeddable":true,"href":"https:\/\/sertv.gob.pa\/crisolfm\/wp-json\/wp\/v2\/tags?post=24815"}],"curies":[{"name":"wp","href":"https:\/\/api.w.org\/{rel}","templated":true}]}}