{"id":24818,"date":"2019-12-11T13:53:25","date_gmt":"2019-12-11T13:53:25","guid":{"rendered":"https:\/\/sertv.gob.pa\/crisolfm\/?p=24818"},"modified":"2019-12-11T13:53:25","modified_gmt":"2019-12-11T13:53:25","slug":"la-artista-uruguaya-lucia-bonfiglio-expone-su-mensaje-de-paz-en-brasil","status":"publish","type":"post","link":"https:\/\/sertv.gob.pa\/crisolfm\/la-artista-uruguaya-lucia-bonfiglio-expone-su-mensaje-de-paz-en-brasil\/","title":{"rendered":"La artista uruguaya Luc\u00eda Bonfiglio expone su mensaje de paz en Brasil"},"content":{"rendered":"<p>La artista pl\u00e1stica uruguaya Luc\u00eda Bonfiglio expone a partir de este martes y hasta el 29 de febrero pr\u00f3ximo en el Instituto Cervantes de R\u00edo de Janeiro su mensaje de paz en el mundo a trav\u00e9s de 16 \u00f3leos sobre lienzo producidos especialmente para esta muestra.<\/p>\n<p>El objetivo de la nueva exposici\u00f3n de esta artista nacida en Italia, nacionalizada uruguaya y que se form\u00f3 en Comunicaci\u00f3n y Artes Gr\u00e1ficas en Espa\u00f1a, es \u00abdestacar la diversidad mundial en todos sus aspectos, con un mensaje de paz y tolerancia a trav\u00e9s del expresionismo abstracto\u00bb.<\/p>\n<p>Se trata de \u00abPaz\u00bb, su primera exposici\u00f3n en esta ciudad brasile\u00f1a -aunque ya present\u00f3 una muestra en Sao Paulo-, para la que elabor\u00f3 en los \u00faltimos meses 16 cuadros de fuertes colores en los que us\u00f3 esp\u00e1tula para esparcir los \u00f3leos sobre el lienzo.<\/p>\n<p>\u00abEsta serie la hice especialmente para esta exposici\u00f3n. Son de ahora, de 2019\u00bb, explic\u00f3 al referirse a las obras reunidas en la exposici\u00f3n organizada por el Instituto Cervantes y el Consulado de Uruguay en R\u00edo de Janeiro.<\/p>\n<p>EFE<\/p>\n","protected":false},"excerpt":{"rendered":"<p>La artista pl\u00e1stica uruguaya Luc\u00eda Bonfiglio expone a partir de <a href=\"https:\/\/sertv.gob.pa\/crisolfm\/la-artista-uruguaya-lucia-bonfiglio-expone-su-mensaje-de-paz-en-brasil\/\"> [&#8230;]<\/a><\/p>\n","protected":false},"author":64,"featured_media":24819,"comment_status":"closed","ping_status":"closed","sticky":false,"template":"","format":"standard","meta":{"footnotes":""},"categories":[6],"tags":[],"class_list":["post-24818","post","type-post","status-publish","format-standard","has-post-thumbnail","hentry","category-culturales"],"_links":{"self":[{"href":"https:\/\/sertv.gob.pa\/crisolfm\/wp-json\/wp\/v2\/posts\/24818","targetHints":{"allow":["GET"]}}],"collection":[{"href":"https:\/\/sertv.gob.pa\/crisolfm\/wp-json\/wp\/v2\/posts"}],"about":[{"href":"https:\/\/sertv.gob.pa\/crisolfm\/wp-json\/wp\/v2\/types\/post"}],"author":[{"embeddable":true,"href":"https:\/\/sertv.gob.pa\/crisolfm\/wp-json\/wp\/v2\/users\/64"}],"replies":[{"embeddable":true,"href":"https:\/\/sertv.gob.pa\/crisolfm\/wp-json\/wp\/v2\/comments?post=24818"}],"version-history":[{"count":1,"href":"https:\/\/sertv.gob.pa\/crisolfm\/wp-json\/wp\/v2\/posts\/24818\/revisions"}],"predecessor-version":[{"id":24820,"href":"https:\/\/sertv.gob.pa\/crisolfm\/wp-json\/wp\/v2\/posts\/24818\/revisions\/24820"}],"wp:featuredmedia":[{"embeddable":true,"href":"https:\/\/sertv.gob.pa\/crisolfm\/wp-json\/wp\/v2\/media\/24819"}],"wp:attachment":[{"href":"https:\/\/sertv.gob.pa\/crisolfm\/wp-json\/wp\/v2\/media?parent=24818"}],"wp:term":[{"taxonomy":"category","embeddable":true,"href":"https:\/\/sertv.gob.pa\/crisolfm\/wp-json\/wp\/v2\/categories?post=24818"},{"taxonomy":"post_tag","embeddable":true,"href":"https:\/\/sertv.gob.pa\/crisolfm\/wp-json\/wp\/v2\/tags?post=24818"}],"curies":[{"name":"wp","href":"https:\/\/api.w.org\/{rel}","templated":true}]}}