{"id":24822,"date":"2019-12-11T14:04:59","date_gmt":"2019-12-11T14:04:59","guid":{"rendered":"https:\/\/sertv.gob.pa\/crisolfm\/?p=24822"},"modified":"2019-12-11T14:04:59","modified_gmt":"2019-12-11T14:04:59","slug":"binal-organiza-jornadas-de-reflexion-por-invasion-de-e-e-u-u-a-panama","status":"publish","type":"post","link":"https:\/\/sertv.gob.pa\/crisolfm\/binal-organiza-jornadas-de-reflexion-por-invasion-de-e-e-u-u-a-panama\/","title":{"rendered":"Binal organiza jornadas de reflexi\u00f3n por Invasi\u00f3n de E.E.U.U. a Panam\u00e1"},"content":{"rendered":"<p>La Biblioteca Nacional Ernesto J. Castillero R. comenz\u00f3 sus jornadas de reflexi\u00f3n sobre la Invasi\u00f3n de Estados Unidos a Panam\u00e1, como parte de las actividades en memoria de los 30 a\u00f1os de este suceso.<\/p>\n<p>\u201cEsta semana inici\u00f3 con talleres de investigaci\u00f3n para adolescentes, en alianza con Gu\u00e1simo Multimedia. Los j\u00f3venes han tenido la oportunidad de consultar el amplio contenido hemerogr\u00e1fico, bibliogr\u00e1fico y audiovisual que reposa en esta instituci\u00f3n sobre lo sucedido antes, durante y despu\u00e9s del 20 de diciembre de 1989\u201d, destacaron en un comunicado.<\/p>\n<p>Igualmente, a partir de este martes 10 de diciembre se inaugur\u00f3 una exposici\u00f3n fotogr\u00e1fica y documental sobre estos sucesos.<\/p>\n<p>Explican que Mario Garc\u00eda Hudson ha trabajado en la selecci\u00f3n de documentos que reposan en los fondos patrimoniales de esta instituci\u00f3n, que permiten tener una idea m\u00e1s clara de lo que fue denominado por Estados Unidos como \u201cOperaci\u00f3n Causa Justa\u201d.<\/p>\n<p>A este proyecto se sumaron los miembros del C\u00edrculo de Fotoperiodistas de Panam\u00e1, quienes han investigado en cuanto a los registros fotogr\u00e1ficos de La Invasi\u00f3n. Esta selecci\u00f3n ser\u00e1 complementada con testimonios audiovisuales de fot\u00f3grafos que cubrieron este hecho.<\/p>\n<p>El s\u00e1bado 14 de diciembre seguir\u00e1 la jornada con un cine foro sobre la pel\u00edcula Invasi\u00f3n de Abner Benaim, a las dos de la tarde, en la Sala de Uso M\u00faltiple. Todas las actividades son de entrada libre<\/p>\n<p>&nbsp;<\/p>\n","protected":false},"excerpt":{"rendered":"<p>La Biblioteca Nacional Ernesto J. Castillero R. comenz\u00f3 sus jornadas <a href=\"https:\/\/sertv.gob.pa\/crisolfm\/binal-organiza-jornadas-de-reflexion-por-invasion-de-e-e-u-u-a-panama\/\"> [&#8230;]<\/a><\/p>\n","protected":false},"author":64,"featured_media":24823,"comment_status":"closed","ping_status":"closed","sticky":false,"template":"","format":"standard","meta":{"footnotes":""},"categories":[6],"tags":[],"class_list":["post-24822","post","type-post","status-publish","format-standard","has-post-thumbnail","hentry","category-culturales"],"_links":{"self":[{"href":"https:\/\/sertv.gob.pa\/crisolfm\/wp-json\/wp\/v2\/posts\/24822","targetHints":{"allow":["GET"]}}],"collection":[{"href":"https:\/\/sertv.gob.pa\/crisolfm\/wp-json\/wp\/v2\/posts"}],"about":[{"href":"https:\/\/sertv.gob.pa\/crisolfm\/wp-json\/wp\/v2\/types\/post"}],"author":[{"embeddable":true,"href":"https:\/\/sertv.gob.pa\/crisolfm\/wp-json\/wp\/v2\/users\/64"}],"replies":[{"embeddable":true,"href":"https:\/\/sertv.gob.pa\/crisolfm\/wp-json\/wp\/v2\/comments?post=24822"}],"version-history":[{"count":1,"href":"https:\/\/sertv.gob.pa\/crisolfm\/wp-json\/wp\/v2\/posts\/24822\/revisions"}],"predecessor-version":[{"id":24824,"href":"https:\/\/sertv.gob.pa\/crisolfm\/wp-json\/wp\/v2\/posts\/24822\/revisions\/24824"}],"wp:featuredmedia":[{"embeddable":true,"href":"https:\/\/sertv.gob.pa\/crisolfm\/wp-json\/wp\/v2\/media\/24823"}],"wp:attachment":[{"href":"https:\/\/sertv.gob.pa\/crisolfm\/wp-json\/wp\/v2\/media?parent=24822"}],"wp:term":[{"taxonomy":"category","embeddable":true,"href":"https:\/\/sertv.gob.pa\/crisolfm\/wp-json\/wp\/v2\/categories?post=24822"},{"taxonomy":"post_tag","embeddable":true,"href":"https:\/\/sertv.gob.pa\/crisolfm\/wp-json\/wp\/v2\/tags?post=24822"}],"curies":[{"name":"wp","href":"https:\/\/api.w.org\/{rel}","templated":true}]}}