{"id":24841,"date":"2019-12-11T16:47:59","date_gmt":"2019-12-11T16:47:59","guid":{"rendered":"https:\/\/sertv.gob.pa\/crisolfm\/?p=24841"},"modified":"2019-12-11T16:47:59","modified_gmt":"2019-12-11T16:47:59","slug":"greta-thunberg-personalidad-del-ano-de-la-revista-time","status":"publish","type":"post","link":"https:\/\/sertv.gob.pa\/crisolfm\/greta-thunberg-personalidad-del-ano-de-la-revista-time\/","title":{"rendered":"Greta Thunberg, personalidad del a\u00f1o de la revista \u2018Time\u2019"},"content":{"rendered":"<p><strong>La activista sueca Greta Thunberg<\/strong> fue escogida este mi\u00e9rcoles 11 de diciembre por la revista <strong>Time<\/strong> como la personalidad del a\u00f1o 2019, por su lucha en favor de la conservaci\u00f3n del medio ambiente.<\/p>\n<p>Thunberg, de 16 a\u00f1os, durante esta semana ha sido la figura principal de la Cumbre del Clima de la Organizaci\u00f3n de Naciones Unidas en la ciudad de Madrid, Espa\u00f1a.<\/p>\n<p>La publicaci\u00f3n estadounidense present\u00f3 este mi\u00e9rcoles la portada con la adolescente, quien desde el a\u00f1o pasado alcanz\u00f3 notoriedad mundial por sus cr\u00edticas a los l\u00edderes mundiales que no contribuir con la preservaci\u00f3n del medio ambiente.<\/p>\n<p>En la portada del <strong>Time<\/strong> se puede leer la frase \u201cEl poder de la juventud\u201d.<\/p>\n<p>Thunberg pidi\u00f3 este mi\u00e9rcoles en la Cumbre del Clima m\u00e1s presi\u00f3n a los Gobiernos para que se tomen en serio la emergencia clim\u00e1tica.<\/p>\n<p>&nbsp;<\/p>\n","protected":false},"excerpt":{"rendered":"<p>La activista sueca Greta Thunberg fue escogida este mi\u00e9rcoles 11 <a href=\"https:\/\/sertv.gob.pa\/crisolfm\/greta-thunberg-personalidad-del-ano-de-la-revista-time\/\"> [&#8230;]<\/a><\/p>\n","protected":false},"author":64,"featured_media":24842,"comment_status":"closed","ping_status":"closed","sticky":false,"template":"","format":"standard","meta":{"footnotes":""},"categories":[7],"tags":[],"class_list":["post-24841","post","type-post","status-publish","format-standard","has-post-thumbnail","hentry","category-ecologicas"],"_links":{"self":[{"href":"https:\/\/sertv.gob.pa\/crisolfm\/wp-json\/wp\/v2\/posts\/24841","targetHints":{"allow":["GET"]}}],"collection":[{"href":"https:\/\/sertv.gob.pa\/crisolfm\/wp-json\/wp\/v2\/posts"}],"about":[{"href":"https:\/\/sertv.gob.pa\/crisolfm\/wp-json\/wp\/v2\/types\/post"}],"author":[{"embeddable":true,"href":"https:\/\/sertv.gob.pa\/crisolfm\/wp-json\/wp\/v2\/users\/64"}],"replies":[{"embeddable":true,"href":"https:\/\/sertv.gob.pa\/crisolfm\/wp-json\/wp\/v2\/comments?post=24841"}],"version-history":[{"count":1,"href":"https:\/\/sertv.gob.pa\/crisolfm\/wp-json\/wp\/v2\/posts\/24841\/revisions"}],"predecessor-version":[{"id":24843,"href":"https:\/\/sertv.gob.pa\/crisolfm\/wp-json\/wp\/v2\/posts\/24841\/revisions\/24843"}],"wp:featuredmedia":[{"embeddable":true,"href":"https:\/\/sertv.gob.pa\/crisolfm\/wp-json\/wp\/v2\/media\/24842"}],"wp:attachment":[{"href":"https:\/\/sertv.gob.pa\/crisolfm\/wp-json\/wp\/v2\/media?parent=24841"}],"wp:term":[{"taxonomy":"category","embeddable":true,"href":"https:\/\/sertv.gob.pa\/crisolfm\/wp-json\/wp\/v2\/categories?post=24841"},{"taxonomy":"post_tag","embeddable":true,"href":"https:\/\/sertv.gob.pa\/crisolfm\/wp-json\/wp\/v2\/tags?post=24841"}],"curies":[{"name":"wp","href":"https:\/\/api.w.org\/{rel}","templated":true}]}}