{"id":24845,"date":"2019-12-12T13:11:42","date_gmt":"2019-12-12T13:11:42","guid":{"rendered":"https:\/\/sertv.gob.pa\/crisolfm\/?p=24845"},"modified":"2019-12-12T13:11:42","modified_gmt":"2019-12-12T13:11:42","slug":"lider-de-la-ue-advierte-del-costo-de-la-inaccion-en-lucha-contra-el-cambio-climatico","status":"publish","type":"post","link":"https:\/\/sertv.gob.pa\/crisolfm\/lider-de-la-ue-advierte-del-costo-de-la-inaccion-en-lucha-contra-el-cambio-climatico\/","title":{"rendered":"L\u00edder de la UE advierte del \u2018costo de la inacci\u00f3n\u2019 en lucha contra el cambio clim\u00e1tico"},"content":{"rendered":"<p>La presidenta de la Comisi\u00f3n Europea, <strong>Ursula von der Leyen<\/strong>, advirti\u00f3 este mi\u00e9rcoles 11 de diciembre contra el \u201ccosto de la inacci\u00f3n\u201d en la lucha contra el cambio clim\u00e1tico, al presentar su <strong>\u201cPacto verde\u201d<\/strong>, la \u201cnueva estrategia de crecimiento\u201d para el bloque.<\/p>\n<p>\u201cAlgunos dicen que el costo de esta transformaci\u00f3n [verde] es demasiado alto. No olvidemos nunca cu\u00e1l ser\u00eda el costo de la inacci\u00f3n\u201d, dijo Von der Leyen ante la Euroc\u00e1mara, poniendo como ejemplo cat\u00e1strofes naturales como sequ\u00edas e inundaciones.<\/p>\n<p>La titular del ejecutivo comunitario, al frente desde el 1 de diciembre, escogi\u00f3 el hemiciclo de la Euroc\u00e1mara en Bruselas para presentar una de sus prioridades para los pr\u00f3ximos a\u00f1os, semanas despu\u00e9s que los eurodiputados declararan la \u201cemergencia clim\u00e1tica\u201d.<\/p>\n<p>El objetivo principal es alcanzar la neutralidad carbono en la Uni\u00f3n Europea (UE) para 2050 a trav\u00e9s de la creaci\u00f3n de un m\u00e9todo para absorber decrecientes emisiones de CO2, pero los planes, de salir adelante, transformar\u00e1n un bloque con distintas realidades seg\u00fan el pa\u00eds.<\/p>\n<p>Las acciones previstas en este \u201cPacto verde\u201d para luchar contra el cambio clim\u00e1tico abarcan as\u00ed \u00e1reas como el transporte, la energ\u00eda, la contaminaci\u00f3n, la agricultura, la industria y los modos de consumo, entre otras.<\/p>\n<p>&nbsp;<\/p>\n","protected":false},"excerpt":{"rendered":"<p>La presidenta de la Comisi\u00f3n Europea, Ursula von der Leyen, <a href=\"https:\/\/sertv.gob.pa\/crisolfm\/lider-de-la-ue-advierte-del-costo-de-la-inaccion-en-lucha-contra-el-cambio-climatico\/\"> [&#8230;]<\/a><\/p>\n","protected":false},"author":64,"featured_media":24846,"comment_status":"closed","ping_status":"closed","sticky":false,"template":"","format":"standard","meta":{"footnotes":""},"categories":[7],"tags":[],"class_list":["post-24845","post","type-post","status-publish","format-standard","has-post-thumbnail","hentry","category-ecologicas"],"_links":{"self":[{"href":"https:\/\/sertv.gob.pa\/crisolfm\/wp-json\/wp\/v2\/posts\/24845","targetHints":{"allow":["GET"]}}],"collection":[{"href":"https:\/\/sertv.gob.pa\/crisolfm\/wp-json\/wp\/v2\/posts"}],"about":[{"href":"https:\/\/sertv.gob.pa\/crisolfm\/wp-json\/wp\/v2\/types\/post"}],"author":[{"embeddable":true,"href":"https:\/\/sertv.gob.pa\/crisolfm\/wp-json\/wp\/v2\/users\/64"}],"replies":[{"embeddable":true,"href":"https:\/\/sertv.gob.pa\/crisolfm\/wp-json\/wp\/v2\/comments?post=24845"}],"version-history":[{"count":1,"href":"https:\/\/sertv.gob.pa\/crisolfm\/wp-json\/wp\/v2\/posts\/24845\/revisions"}],"predecessor-version":[{"id":24847,"href":"https:\/\/sertv.gob.pa\/crisolfm\/wp-json\/wp\/v2\/posts\/24845\/revisions\/24847"}],"wp:featuredmedia":[{"embeddable":true,"href":"https:\/\/sertv.gob.pa\/crisolfm\/wp-json\/wp\/v2\/media\/24846"}],"wp:attachment":[{"href":"https:\/\/sertv.gob.pa\/crisolfm\/wp-json\/wp\/v2\/media?parent=24845"}],"wp:term":[{"taxonomy":"category","embeddable":true,"href":"https:\/\/sertv.gob.pa\/crisolfm\/wp-json\/wp\/v2\/categories?post=24845"},{"taxonomy":"post_tag","embeddable":true,"href":"https:\/\/sertv.gob.pa\/crisolfm\/wp-json\/wp\/v2\/tags?post=24845"}],"curies":[{"name":"wp","href":"https:\/\/api.w.org\/{rel}","templated":true}]}}