{"id":24863,"date":"2019-12-12T13:46:58","date_gmt":"2019-12-12T13:46:58","guid":{"rendered":"https:\/\/sertv.gob.pa\/crisolfm\/?p=24863"},"modified":"2019-12-12T13:46:58","modified_gmt":"2019-12-12T13:46:58","slug":"bachata-dominicana-declarada-patrimonio-cultural-inmaterial-de-la-humanidad","status":"publish","type":"post","link":"https:\/\/sertv.gob.pa\/crisolfm\/bachata-dominicana-declarada-patrimonio-cultural-inmaterial-de-la-humanidad\/","title":{"rendered":"Bachata dominicana, declarada Patrimonio Cultural Inmaterial de la Humanidad"},"content":{"rendered":"<p>La bachata dominicana fue inscrita este mi\u00e9rcoles en la Lista Representativa del Patrimonio Cultural Inmaterial de la Humanidad por la Organizaci\u00f3n de las Naciones Unidas para la Educaci\u00f3n, la Ciencia y la Cultura (Unesco).<\/p>\n<p>El XIV Comit\u00e9 Intergubernamental para la Salvaguardia del Patrimonio Cultural Inmaterial de la Unesco, reunido en Bogot\u00e1, decidi\u00f3 inscribir a ese ritmo en su lista porque considera que \u00abla m\u00fasica y el baile de la bachata son expresiones culturales nativas siempre presentes en las celebraciones de las comunidades o en reuniones sociales\u00bb.<\/p>\n<p>\u00abPor regla general, las letras de la bachata expresan sentimientos profundos y viscerales de amor, pasi\u00f3n y nostalgia. El vocablo &#8216;bachata&#8217; se supone que es de origen africano y en un principio no se usaba para designar un g\u00e9nero musical espec\u00edfico, sino m\u00e1s bien una reuni\u00f3n o fiesta animada\u00bb, detall\u00f3 la Unesco en un comunicado.<\/p>\n<p>La organizaci\u00f3n explic\u00f3 que este g\u00e9nero -surgido de la fusi\u00f3n del bolero con otros ritmos afroantillanos como el son cubano, el chachach\u00e1 y el merengue- necesita para su interpretaci\u00f3n de un grupo con una o dos guitarras, un contrabajo y un conjunto de instrumentos de percusi\u00f3n que incluye bongos, maracas y g\u00fciro.<\/p>\n<p>EFE<\/p>\n","protected":false},"excerpt":{"rendered":"<p>La bachata dominicana fue inscrita este mi\u00e9rcoles en la Lista <a href=\"https:\/\/sertv.gob.pa\/crisolfm\/bachata-dominicana-declarada-patrimonio-cultural-inmaterial-de-la-humanidad\/\"> [&#8230;]<\/a><\/p>\n","protected":false},"author":64,"featured_media":24864,"comment_status":"closed","ping_status":"closed","sticky":false,"template":"","format":"standard","meta":{"footnotes":""},"categories":[6],"tags":[],"class_list":["post-24863","post","type-post","status-publish","format-standard","has-post-thumbnail","hentry","category-culturales"],"_links":{"self":[{"href":"https:\/\/sertv.gob.pa\/crisolfm\/wp-json\/wp\/v2\/posts\/24863","targetHints":{"allow":["GET"]}}],"collection":[{"href":"https:\/\/sertv.gob.pa\/crisolfm\/wp-json\/wp\/v2\/posts"}],"about":[{"href":"https:\/\/sertv.gob.pa\/crisolfm\/wp-json\/wp\/v2\/types\/post"}],"author":[{"embeddable":true,"href":"https:\/\/sertv.gob.pa\/crisolfm\/wp-json\/wp\/v2\/users\/64"}],"replies":[{"embeddable":true,"href":"https:\/\/sertv.gob.pa\/crisolfm\/wp-json\/wp\/v2\/comments?post=24863"}],"version-history":[{"count":1,"href":"https:\/\/sertv.gob.pa\/crisolfm\/wp-json\/wp\/v2\/posts\/24863\/revisions"}],"predecessor-version":[{"id":24865,"href":"https:\/\/sertv.gob.pa\/crisolfm\/wp-json\/wp\/v2\/posts\/24863\/revisions\/24865"}],"wp:featuredmedia":[{"embeddable":true,"href":"https:\/\/sertv.gob.pa\/crisolfm\/wp-json\/wp\/v2\/media\/24864"}],"wp:attachment":[{"href":"https:\/\/sertv.gob.pa\/crisolfm\/wp-json\/wp\/v2\/media?parent=24863"}],"wp:term":[{"taxonomy":"category","embeddable":true,"href":"https:\/\/sertv.gob.pa\/crisolfm\/wp-json\/wp\/v2\/categories?post=24863"},{"taxonomy":"post_tag","embeddable":true,"href":"https:\/\/sertv.gob.pa\/crisolfm\/wp-json\/wp\/v2\/tags?post=24863"}],"curies":[{"name":"wp","href":"https:\/\/api.w.org\/{rel}","templated":true}]}}