{"id":24866,"date":"2019-12-12T14:07:38","date_gmt":"2019-12-12T14:07:38","guid":{"rendered":"https:\/\/sertv.gob.pa\/crisolfm\/?p=24866"},"modified":"2019-12-12T14:07:38","modified_gmt":"2019-12-12T14:07:38","slug":"la-biomasa-es-la-opcion-renovable-y-ecologica-ante-la-crisis-climatica","status":"publish","type":"post","link":"https:\/\/sertv.gob.pa\/crisolfm\/la-biomasa-es-la-opcion-renovable-y-ecologica-ante-la-crisis-climatica\/","title":{"rendered":"La biomasa es la opci\u00f3n \u201crenovable y ecol\u00f3gica\u201d ante la crisis clim\u00e1tica"},"content":{"rendered":"<p>Ante el incremento continuado de las energ\u00edas f\u00f3siles y la posibilidad de que la temperatura aumente m\u00e1s de 1.5 grados, \u201ctenemos que descarbonizar urgentemente\u201d el sector el\u00e9ctrico, t\u00e9rmico y de transporte y fomentar la biomasa como \u201copci\u00f3n renovable y ecol\u00f3gica\u201d.<\/p>\n<p>\u201cEs el momento para que los gobiernos act\u00faen\u201d, ha aseverado el director ejecutivo de WBA, Bharadwaj Kummamuru, que ha se\u00f1alado la necesidad de \u201cun r\u00e1pido desarrollo de las energ\u00edas renovables para luchar contra el cambio clim\u00e1tico\u201d, ya que las emisiones f\u00f3siles siguen aumentando a nivel mundial, \u201calej\u00e1ndose de los objetivos del Acuerdo de Par\u00eds.<\/p>\n<p>Kummamuru ha participado en una rueda de prensa en Madrid junto a otros expertos de la Asociaci\u00f3n Mundial de Bioenerg\u00eda (WBA por sus siglas en ingl\u00e9s), en la que han defendido \u201cun cambio hacia modelos descarbonizados\u201d y establecer una tasa de carbono a los productores f\u00f3siles.<\/p>\n<p>Seg\u00fan los datos aportados por la asociaci\u00f3n, la biomasa es la mayor fuente de energ\u00eda renovable a nivel mundial y, en t\u00e9rminos de consumo, m\u00e1s del 13 % de toda la energ\u00eda consumida proviene de productos de biomasa, incluidos pellets, biocombustibles, biogas, astillas de madera y carb\u00f3n vegetal, entre otros, mientras que representa m\u00e1s del 70 % de todo el consumo de energ\u00eda renovable.<\/p>\n<p>EFE<\/p>\n","protected":false},"excerpt":{"rendered":"<p>Ante el incremento continuado de las energ\u00edas f\u00f3siles y la <a href=\"https:\/\/sertv.gob.pa\/crisolfm\/la-biomasa-es-la-opcion-renovable-y-ecologica-ante-la-crisis-climatica\/\"> [&#8230;]<\/a><\/p>\n","protected":false},"author":64,"featured_media":24868,"comment_status":"closed","ping_status":"closed","sticky":false,"template":"","format":"standard","meta":{"footnotes":""},"categories":[7],"tags":[],"class_list":["post-24866","post","type-post","status-publish","format-standard","has-post-thumbnail","hentry","category-ecologicas"],"_links":{"self":[{"href":"https:\/\/sertv.gob.pa\/crisolfm\/wp-json\/wp\/v2\/posts\/24866","targetHints":{"allow":["GET"]}}],"collection":[{"href":"https:\/\/sertv.gob.pa\/crisolfm\/wp-json\/wp\/v2\/posts"}],"about":[{"href":"https:\/\/sertv.gob.pa\/crisolfm\/wp-json\/wp\/v2\/types\/post"}],"author":[{"embeddable":true,"href":"https:\/\/sertv.gob.pa\/crisolfm\/wp-json\/wp\/v2\/users\/64"}],"replies":[{"embeddable":true,"href":"https:\/\/sertv.gob.pa\/crisolfm\/wp-json\/wp\/v2\/comments?post=24866"}],"version-history":[{"count":1,"href":"https:\/\/sertv.gob.pa\/crisolfm\/wp-json\/wp\/v2\/posts\/24866\/revisions"}],"predecessor-version":[{"id":24869,"href":"https:\/\/sertv.gob.pa\/crisolfm\/wp-json\/wp\/v2\/posts\/24866\/revisions\/24869"}],"wp:featuredmedia":[{"embeddable":true,"href":"https:\/\/sertv.gob.pa\/crisolfm\/wp-json\/wp\/v2\/media\/24868"}],"wp:attachment":[{"href":"https:\/\/sertv.gob.pa\/crisolfm\/wp-json\/wp\/v2\/media?parent=24866"}],"wp:term":[{"taxonomy":"category","embeddable":true,"href":"https:\/\/sertv.gob.pa\/crisolfm\/wp-json\/wp\/v2\/categories?post=24866"},{"taxonomy":"post_tag","embeddable":true,"href":"https:\/\/sertv.gob.pa\/crisolfm\/wp-json\/wp\/v2\/tags?post=24866"}],"curies":[{"name":"wp","href":"https:\/\/api.w.org\/{rel}","templated":true}]}}