{"id":24876,"date":"2019-12-12T14:30:56","date_gmt":"2019-12-12T14:30:56","guid":{"rendered":"https:\/\/sertv.gob.pa\/crisolfm\/?p=24876"},"modified":"2019-12-12T14:30:56","modified_gmt":"2019-12-12T14:30:56","slug":"gira-navidad-sinfonica-en-panama-2019","status":"publish","type":"post","link":"https:\/\/sertv.gob.pa\/crisolfm\/gira-navidad-sinfonica-en-panama-2019\/","title":{"rendered":"Gira \u201cNavidad Sinf\u00f3nica en Panam\u00e1 2019\u201d"},"content":{"rendered":"<p>Paname\u00f1os en todo el pa\u00eds disfrutar\u00e1n de la gira \u201cNavidad Sinf\u00f3nica en Panam\u00e1 2019&#8243;\u00a0con la participaci\u00f3n de la Red Nacional de Orquestas y Coros Juveniles, que dirigir\u00e1 el maestro Dino Nugent durante 6 d\u00edas consecutivos llenando de magia, y alegr\u00eda a ni\u00f1os y adultos.<\/p>\n<p>El Ministerio de Cultura, cumplir\u00e1 de esta manera el compromiso que adquiri\u00f3 con todos los paname\u00f1os de llevar actividades culturales, en estas fiestas navide\u00f1as a 6 importantes lugares de nuestro pa\u00eds. Esta gira contar\u00e1 con el respaldo\u00a0\u00a0 de los Centros y Coordinaciones Regionales, los representantes de las Juntas Comunales, el Municipio de Panam\u00e1, escuelas, estudiantes, profesores, padres de familia, la Iglesia, SINAPROC, de los sitios donde se llevar\u00e1n a cabo las giras musicales.<\/p>\n<p>La gira empieza el martes 17 diciembre en el c\u00e9ntrico Parque Urrac\u00e1 de esta ciudad, con la participaci\u00f3n de m\u00e1s de 300 j\u00f3venes m\u00fasicos de edades de 8 hasta 20 a\u00f1os, que\u00a0 luego se desplazar\u00e1n el mi\u00e9rcoles 18 diciembre\u00a0 al Parque de Chepo, Panam\u00e1 Este; el jueves 19 diciembre estar\u00e1 en el Parque de Aguadulce,\u00a0 Cocl\u00e9, San Crist\u00f3bal; Chitr\u00e9, Herrera; en el Centro Comercial, Paseo Central, el viernes 20 diciembre; el s\u00e1bado 21 diciembre en Santiago, Veraguas, en el Parque\u00a0 Juan Dem\u00f3stenes Arosemena y\u00a0 el domingo\u00a0 22 de diciembre en el Parque Cervantes de la ciudad de David, provincia de Chiriqu\u00ed.<\/p>\n<p>&nbsp;<\/p>\n","protected":false},"excerpt":{"rendered":"<p>Paname\u00f1os en todo el pa\u00eds disfrutar\u00e1n de la gira \u201cNavidad <a href=\"https:\/\/sertv.gob.pa\/crisolfm\/gira-navidad-sinfonica-en-panama-2019\/\"> [&#8230;]<\/a><\/p>\n","protected":false},"author":64,"featured_media":24877,"comment_status":"closed","ping_status":"closed","sticky":false,"template":"","format":"standard","meta":{"footnotes":""},"categories":[6],"tags":[],"class_list":["post-24876","post","type-post","status-publish","format-standard","has-post-thumbnail","hentry","category-culturales"],"_links":{"self":[{"href":"https:\/\/sertv.gob.pa\/crisolfm\/wp-json\/wp\/v2\/posts\/24876","targetHints":{"allow":["GET"]}}],"collection":[{"href":"https:\/\/sertv.gob.pa\/crisolfm\/wp-json\/wp\/v2\/posts"}],"about":[{"href":"https:\/\/sertv.gob.pa\/crisolfm\/wp-json\/wp\/v2\/types\/post"}],"author":[{"embeddable":true,"href":"https:\/\/sertv.gob.pa\/crisolfm\/wp-json\/wp\/v2\/users\/64"}],"replies":[{"embeddable":true,"href":"https:\/\/sertv.gob.pa\/crisolfm\/wp-json\/wp\/v2\/comments?post=24876"}],"version-history":[{"count":1,"href":"https:\/\/sertv.gob.pa\/crisolfm\/wp-json\/wp\/v2\/posts\/24876\/revisions"}],"predecessor-version":[{"id":24878,"href":"https:\/\/sertv.gob.pa\/crisolfm\/wp-json\/wp\/v2\/posts\/24876\/revisions\/24878"}],"wp:featuredmedia":[{"embeddable":true,"href":"https:\/\/sertv.gob.pa\/crisolfm\/wp-json\/wp\/v2\/media\/24877"}],"wp:attachment":[{"href":"https:\/\/sertv.gob.pa\/crisolfm\/wp-json\/wp\/v2\/media?parent=24876"}],"wp:term":[{"taxonomy":"category","embeddable":true,"href":"https:\/\/sertv.gob.pa\/crisolfm\/wp-json\/wp\/v2\/categories?post=24876"},{"taxonomy":"post_tag","embeddable":true,"href":"https:\/\/sertv.gob.pa\/crisolfm\/wp-json\/wp\/v2\/tags?post=24876"}],"curies":[{"name":"wp","href":"https:\/\/api.w.org\/{rel}","templated":true}]}}