{"id":24885,"date":"2019-12-13T13:25:42","date_gmt":"2019-12-13T13:25:42","guid":{"rendered":"https:\/\/sertv.gob.pa\/crisolfm\/?p=24885"},"modified":"2019-12-13T13:25:42","modified_gmt":"2019-12-13T13:25:42","slug":"el-carnaval-de-podence-en-portugal-entra-en-la-lista-de-patrimonio-de-unesco","status":"publish","type":"post","link":"https:\/\/sertv.gob.pa\/crisolfm\/el-carnaval-de-podence-en-portugal-entra-en-la-lista-de-patrimonio-de-unesco\/","title":{"rendered":"El Carnaval de Podence, en Portugal, entra en la Lista de Patrimonio de Unesco"},"content":{"rendered":"<p>El Carnaval de Podence, celebraci\u00f3n del fin del invierno que tiene lugar en Portugal, fue inscrito este jueves por la Unesco en la Lista Representativa del Patrimonio Cultural Inmaterial de la Humanidad, inform\u00f3 ese organismo internacional que est\u00e1 reunido en Bogot\u00e1.<\/p>\n<p>Dicho carnaval, que tiene lugar en la aldea de Podence, en el norte de Portugal, se origin\u00f3 en un rito de paso masculino, pero en la actualidad tambi\u00e9n participan en su celebraci\u00f3n mujeres y ni\u00f1os.<\/p>\n<p>\u00abCon esta fiesta se despide al invierno y se saluda el comienzo de la primavera. Las celebraciones duran tres d\u00edas y tienen lugar en las calles y los hogares de las familias, ya que es costumbre que los vecinos se visiten mutuamente durante los festejos\u00bb, se\u00f1al\u00f3 la Unesco.<\/p>\n<p>EFE<\/p>\n","protected":false},"excerpt":{"rendered":"<p>El Carnaval de Podence, celebraci\u00f3n del fin del invierno que <a href=\"https:\/\/sertv.gob.pa\/crisolfm\/el-carnaval-de-podence-en-portugal-entra-en-la-lista-de-patrimonio-de-unesco\/\"> [&#8230;]<\/a><\/p>\n","protected":false},"author":64,"featured_media":24886,"comment_status":"closed","ping_status":"closed","sticky":false,"template":"","format":"standard","meta":{"footnotes":""},"categories":[6],"tags":[],"class_list":["post-24885","post","type-post","status-publish","format-standard","has-post-thumbnail","hentry","category-culturales"],"_links":{"self":[{"href":"https:\/\/sertv.gob.pa\/crisolfm\/wp-json\/wp\/v2\/posts\/24885","targetHints":{"allow":["GET"]}}],"collection":[{"href":"https:\/\/sertv.gob.pa\/crisolfm\/wp-json\/wp\/v2\/posts"}],"about":[{"href":"https:\/\/sertv.gob.pa\/crisolfm\/wp-json\/wp\/v2\/types\/post"}],"author":[{"embeddable":true,"href":"https:\/\/sertv.gob.pa\/crisolfm\/wp-json\/wp\/v2\/users\/64"}],"replies":[{"embeddable":true,"href":"https:\/\/sertv.gob.pa\/crisolfm\/wp-json\/wp\/v2\/comments?post=24885"}],"version-history":[{"count":1,"href":"https:\/\/sertv.gob.pa\/crisolfm\/wp-json\/wp\/v2\/posts\/24885\/revisions"}],"predecessor-version":[{"id":24887,"href":"https:\/\/sertv.gob.pa\/crisolfm\/wp-json\/wp\/v2\/posts\/24885\/revisions\/24887"}],"wp:featuredmedia":[{"embeddable":true,"href":"https:\/\/sertv.gob.pa\/crisolfm\/wp-json\/wp\/v2\/media\/24886"}],"wp:attachment":[{"href":"https:\/\/sertv.gob.pa\/crisolfm\/wp-json\/wp\/v2\/media?parent=24885"}],"wp:term":[{"taxonomy":"category","embeddable":true,"href":"https:\/\/sertv.gob.pa\/crisolfm\/wp-json\/wp\/v2\/categories?post=24885"},{"taxonomy":"post_tag","embeddable":true,"href":"https:\/\/sertv.gob.pa\/crisolfm\/wp-json\/wp\/v2\/tags?post=24885"}],"curies":[{"name":"wp","href":"https:\/\/api.w.org\/{rel}","templated":true}]}}