{"id":24906,"date":"2019-12-13T15:16:44","date_gmt":"2019-12-13T15:16:44","guid":{"rendered":"https:\/\/sertv.gob.pa\/crisolfm\/?p=24906"},"modified":"2019-12-13T15:16:44","modified_gmt":"2019-12-13T15:16:44","slug":"al-gore-advierte-del-peligro-del-bloqueo-climatico-de-varios-paises-en-la-cop25","status":"publish","type":"post","link":"https:\/\/sertv.gob.pa\/crisolfm\/al-gore-advierte-del-peligro-del-bloqueo-climatico-de-varios-paises-en-la-cop25\/","title":{"rendered":"Al Gore advierte del \u00abpeligro\u00bb del bloqueo clim\u00e1tico de varios pa\u00edses en la COP25"},"content":{"rendered":"<p>El exvicepresidente estadounidense Al Gore expres\u00f3 a Efe su \u00abgratitud\u00bb por la disposici\u00f3n de la UE a liderar la defensa clim\u00e1tica con el lanzamiento de su Pacto Verde, pero anim\u00f3 a \u00abhacer a\u00fan m\u00e1s\u00bb. Gore dijo que preferir\u00eda que la Uni\u00f3n Europea (UE) hiciera \u00aba\u00fan m\u00e1s\u00bb por el clima, aunque, \u00abcomo ciudadano estadounidense\u00bb, le gustar\u00eda que su pa\u00eds hiciera al menos lo mismo que Europa, tras lamentar la postura clim\u00e1tica del presidente de EE.UU., Donald Trump, y su anuncio de retirada del Acuerdo de Par\u00eds.<\/p>\n<p>En el marco de la Cumbre del Clima en Madrid, Gore insisti\u00f3 en la necesidad de restringir los subsidios a los combustibles f\u00f3siles para apoyar \u00abuna transici\u00f3n m\u00e1s r\u00e1pida hacia las energ\u00edas renovables\u00bb y agilizar el uso de los veh\u00edculos el\u00e9ctricos, as\u00ed como promover una agricultura m\u00e1s sostenible y eficiente tambi\u00e9n en la construcci\u00f3n de edificios de alta calidad ambiental. La sostenibilidad energ\u00e9tica, se\u00f1al\u00f3, representa adem\u00e1s \u00abuna oportunidad extraordinaria\u00bb para crear millones de empleos.<\/p>\n<p>El exvicepresidente estadounidense, premio Nobel de la Paz 2007 por su activismo ambiental, pronunci\u00f3 una conferencia en la que alertaba del peligro del calentamiento global como mayor amenaza del planeta.<\/p>\n<p>EFE<\/p>\n","protected":false},"excerpt":{"rendered":"<p>El exvicepresidente estadounidense Al Gore expres\u00f3 a Efe su \u00abgratitud\u00bb <a href=\"https:\/\/sertv.gob.pa\/crisolfm\/al-gore-advierte-del-peligro-del-bloqueo-climatico-de-varios-paises-en-la-cop25\/\"> [&#8230;]<\/a><\/p>\n","protected":false},"author":64,"featured_media":24909,"comment_status":"closed","ping_status":"closed","sticky":false,"template":"","format":"standard","meta":{"footnotes":""},"categories":[7],"tags":[],"class_list":["post-24906","post","type-post","status-publish","format-standard","has-post-thumbnail","hentry","category-ecologicas"],"_links":{"self":[{"href":"https:\/\/sertv.gob.pa\/crisolfm\/wp-json\/wp\/v2\/posts\/24906","targetHints":{"allow":["GET"]}}],"collection":[{"href":"https:\/\/sertv.gob.pa\/crisolfm\/wp-json\/wp\/v2\/posts"}],"about":[{"href":"https:\/\/sertv.gob.pa\/crisolfm\/wp-json\/wp\/v2\/types\/post"}],"author":[{"embeddable":true,"href":"https:\/\/sertv.gob.pa\/crisolfm\/wp-json\/wp\/v2\/users\/64"}],"replies":[{"embeddable":true,"href":"https:\/\/sertv.gob.pa\/crisolfm\/wp-json\/wp\/v2\/comments?post=24906"}],"version-history":[{"count":1,"href":"https:\/\/sertv.gob.pa\/crisolfm\/wp-json\/wp\/v2\/posts\/24906\/revisions"}],"predecessor-version":[{"id":24910,"href":"https:\/\/sertv.gob.pa\/crisolfm\/wp-json\/wp\/v2\/posts\/24906\/revisions\/24910"}],"wp:featuredmedia":[{"embeddable":true,"href":"https:\/\/sertv.gob.pa\/crisolfm\/wp-json\/wp\/v2\/media\/24909"}],"wp:attachment":[{"href":"https:\/\/sertv.gob.pa\/crisolfm\/wp-json\/wp\/v2\/media?parent=24906"}],"wp:term":[{"taxonomy":"category","embeddable":true,"href":"https:\/\/sertv.gob.pa\/crisolfm\/wp-json\/wp\/v2\/categories?post=24906"},{"taxonomy":"post_tag","embeddable":true,"href":"https:\/\/sertv.gob.pa\/crisolfm\/wp-json\/wp\/v2\/tags?post=24906"}],"curies":[{"name":"wp","href":"https:\/\/api.w.org\/{rel}","templated":true}]}}