{"id":24911,"date":"2019-12-13T15:21:15","date_gmt":"2019-12-13T15:21:15","guid":{"rendered":"https:\/\/sertv.gob.pa\/crisolfm\/?p=24911"},"modified":"2019-12-13T15:21:15","modified_gmt":"2019-12-13T15:21:15","slug":"las-tensiones-resurgen-en-visperas-de-la-clausura-de-la-cumbre-del-clima","status":"publish","type":"post","link":"https:\/\/sertv.gob.pa\/crisolfm\/las-tensiones-resurgen-en-visperas-de-la-clausura-de-la-cumbre-del-clima\/","title":{"rendered":"Las tensiones resurgen en v\u00edsperas de la clausura de la cumbre del clima"},"content":{"rendered":"<p>Las viejas tensiones entre los pa\u00edses sobre el ritmo que se debe imprimir a la lucha contra la emergencia clim\u00e1tica y la necesidad de afrontar una reducci\u00f3n m\u00e1s ambiciosa de las emisiones m\u00e1s contaminantes han resurgido en v\u00edsperas de la clausura de la cumbre de Madrid.<\/p>\n<p>Esas diferencias, que amenazan incluso con prolongar la cumbre hasta el s\u00e1bado para tratar de cerrar un acuerdo que satisfaga a todas las partes, se centran en la futura regulaci\u00f3n de los mercados de carbono o las medidas que se deben impulsar para ayudar a los pa\u00edses a diversificar su econom\u00eda, en aquellos casos en los \u00e9sta depende casi exclusivamente de los combustibles f\u00f3siles.<\/p>\n<p>Aunque estaba prevista inicialmente como una cumbre \u00abde transici\u00f3n\u00bb, ya que la conferencia no tiene que aprobar ning\u00fan documento imprescindible para que el Acuerdo de Par\u00eds entre plenamente en vigor en 2020, la cita s\u00ed ha cobrado una especial repercusi\u00f3n ante el cada vez m\u00e1s contundente mensaje de los cient\u00edficos y la sonora demanda social de una acci\u00f3n m\u00e1s ambiciosa.<\/p>\n<p>Los pa\u00edses discuten sobre c\u00f3mo ayudar a aquellos que tienen una alta dependencia del petr\u00f3leo a diversificar su econom\u00eda, pero algunas partes insisten en que no es lo mismo activar mecanismos de asistencia a Estados como Nigeria o Ecuador que hacerlo a otros con un elevado PIB y renta per c\u00e1pita como Arabia Saud\u00ed.<\/p>\n<p>EFE<\/p>\n","protected":false},"excerpt":{"rendered":"<p>Las viejas tensiones entre los pa\u00edses sobre el ritmo que <a href=\"https:\/\/sertv.gob.pa\/crisolfm\/las-tensiones-resurgen-en-visperas-de-la-clausura-de-la-cumbre-del-clima\/\"> [&#8230;]<\/a><\/p>\n","protected":false},"author":64,"featured_media":24912,"comment_status":"closed","ping_status":"closed","sticky":false,"template":"","format":"standard","meta":{"footnotes":""},"categories":[7],"tags":[],"class_list":["post-24911","post","type-post","status-publish","format-standard","has-post-thumbnail","hentry","category-ecologicas"],"_links":{"self":[{"href":"https:\/\/sertv.gob.pa\/crisolfm\/wp-json\/wp\/v2\/posts\/24911","targetHints":{"allow":["GET"]}}],"collection":[{"href":"https:\/\/sertv.gob.pa\/crisolfm\/wp-json\/wp\/v2\/posts"}],"about":[{"href":"https:\/\/sertv.gob.pa\/crisolfm\/wp-json\/wp\/v2\/types\/post"}],"author":[{"embeddable":true,"href":"https:\/\/sertv.gob.pa\/crisolfm\/wp-json\/wp\/v2\/users\/64"}],"replies":[{"embeddable":true,"href":"https:\/\/sertv.gob.pa\/crisolfm\/wp-json\/wp\/v2\/comments?post=24911"}],"version-history":[{"count":1,"href":"https:\/\/sertv.gob.pa\/crisolfm\/wp-json\/wp\/v2\/posts\/24911\/revisions"}],"predecessor-version":[{"id":24913,"href":"https:\/\/sertv.gob.pa\/crisolfm\/wp-json\/wp\/v2\/posts\/24911\/revisions\/24913"}],"wp:featuredmedia":[{"embeddable":true,"href":"https:\/\/sertv.gob.pa\/crisolfm\/wp-json\/wp\/v2\/media\/24912"}],"wp:attachment":[{"href":"https:\/\/sertv.gob.pa\/crisolfm\/wp-json\/wp\/v2\/media?parent=24911"}],"wp:term":[{"taxonomy":"category","embeddable":true,"href":"https:\/\/sertv.gob.pa\/crisolfm\/wp-json\/wp\/v2\/categories?post=24911"},{"taxonomy":"post_tag","embeddable":true,"href":"https:\/\/sertv.gob.pa\/crisolfm\/wp-json\/wp\/v2\/tags?post=24911"}],"curies":[{"name":"wp","href":"https:\/\/api.w.org\/{rel}","templated":true}]}}