{"id":24936,"date":"2019-12-16T13:38:33","date_gmt":"2019-12-16T13:38:33","guid":{"rendered":"https:\/\/sertv.gob.pa\/crisolfm\/?p=24936"},"modified":"2019-12-16T13:38:33","modified_gmt":"2019-12-16T13:38:33","slug":"miambiente-regula-viabilidad-de-tierras-colectivas-en-area-protegidas","status":"publish","type":"post","link":"https:\/\/sertv.gob.pa\/crisolfm\/miambiente-regula-viabilidad-de-tierras-colectivas-en-area-protegidas\/","title":{"rendered":"Miambiente regula viabilidad de tierras colectivas en \u00e1rea protegidas"},"content":{"rendered":"<p>El Ministerio de Ambiente promulg\u00f3 la <strong>Resoluci\u00f3n DM-0612-2019<\/strong> de 29 de noviembre de 2019 que establece el marco jur\u00eddico para determinar si es viable o no otorgar el visto bueno a aquellas solicitudes de adjudicaci\u00f3n de tierras colectivas que hacen grupo ind\u00edgenas ante la <a href=\"https:\/\/www.prensa.com\/tema\/anati\/\" target=\"_blank\" rel=\"noopener\">Autoridad Nacional de Tierras (ANATI)<\/a>, y cuyos pol\u00edgonos se hallan traslapados con \u00e1reas protegidas o con tierras del Patrimonio Forestal del Estado.<\/p>\n<p>En esta Resoluci\u00f3n se establece que las comunidades ind\u00edgenas \u00abdeben comprobar\u00bb que la ocupaci\u00f3n tradicional de dichas tierras se comenz\u00f3 antes de la creaci\u00f3n de las respectivas zonas protegidas o en el caso de tierras del Patrimonio Forestal del Estado, que se haya iniciado la ocupaci\u00f3n antes de la entrada en vigencia de la Ley 1 de 3 de febrero de 1994.<\/p>\n<p>La normativa igualmente encarga al viceministerio de Asuntos Ind\u00edgenas del <a href=\"https:\/\/www.prensa.com\/tema\/ministerio-de-gobierno\/\" target=\"_blank\" rel=\"noopener\">Ministerio de Gobierno<\/a> para que, mediante informe t\u00e9cnico, certifique si efectivamente la ocupaci\u00f3n tradicional de dichas tierras colectivas se empez\u00f3 antes de la creaci\u00f3n de las respectivas \u00e1reas protegidas o de la entrada en vigencia de la Ley 1 de 3 de febrero de 1994.<\/p>\n<p>Seg\u00fan el <a href=\"https:\/\/www.prensa.com\/tema\/ministerio-de-ambiente\/\" target=\"_blank\" rel=\"noopener\">Ministerio de Ambiente<\/a> ha sustentado su an\u00e1lisis legal en la reiterada jurisprudencia del Sistema Interamericano de Derechos Humanos, donde se establece que el derecho a la propiedad colectiva de los pueblos ind\u00edgenas es un derecho humano que debe ser reconocido por los Estados, y adem\u00e1s en el r\u00e9gimen ecol\u00f3gico en la Constituci\u00f3n Nacional, as\u00ed como en diversos fallos de la Corte Suprema de Justicia en donde se reconoce la legalidad de las tierras colectivas.<\/p>\n<p>En ese sentido, la resoluci\u00f3n concluye que no existe incompatibilidad entre la existencia de tierras colectivas sobre \u00e1reas protegidas, ya que cada vez hay m\u00e1s evidencia tanto a nivel nacional como internacional del importante papel que juegan los territorios ind\u00edgenas en la conservaci\u00f3n de la biodiversidad.<\/p>\n<p>&nbsp;<\/p>\n","protected":false},"excerpt":{"rendered":"<p>El Ministerio de Ambiente promulg\u00f3 la Resoluci\u00f3n DM-0612-2019 de 29 <a href=\"https:\/\/sertv.gob.pa\/crisolfm\/miambiente-regula-viabilidad-de-tierras-colectivas-en-area-protegidas\/\"> [&#8230;]<\/a><\/p>\n","protected":false},"author":64,"featured_media":24937,"comment_status":"closed","ping_status":"closed","sticky":false,"template":"","format":"standard","meta":{"footnotes":""},"categories":[7],"tags":[],"class_list":["post-24936","post","type-post","status-publish","format-standard","has-post-thumbnail","hentry","category-ecologicas"],"_links":{"self":[{"href":"https:\/\/sertv.gob.pa\/crisolfm\/wp-json\/wp\/v2\/posts\/24936","targetHints":{"allow":["GET"]}}],"collection":[{"href":"https:\/\/sertv.gob.pa\/crisolfm\/wp-json\/wp\/v2\/posts"}],"about":[{"href":"https:\/\/sertv.gob.pa\/crisolfm\/wp-json\/wp\/v2\/types\/post"}],"author":[{"embeddable":true,"href":"https:\/\/sertv.gob.pa\/crisolfm\/wp-json\/wp\/v2\/users\/64"}],"replies":[{"embeddable":true,"href":"https:\/\/sertv.gob.pa\/crisolfm\/wp-json\/wp\/v2\/comments?post=24936"}],"version-history":[{"count":1,"href":"https:\/\/sertv.gob.pa\/crisolfm\/wp-json\/wp\/v2\/posts\/24936\/revisions"}],"predecessor-version":[{"id":24938,"href":"https:\/\/sertv.gob.pa\/crisolfm\/wp-json\/wp\/v2\/posts\/24936\/revisions\/24938"}],"wp:featuredmedia":[{"embeddable":true,"href":"https:\/\/sertv.gob.pa\/crisolfm\/wp-json\/wp\/v2\/media\/24937"}],"wp:attachment":[{"href":"https:\/\/sertv.gob.pa\/crisolfm\/wp-json\/wp\/v2\/media?parent=24936"}],"wp:term":[{"taxonomy":"category","embeddable":true,"href":"https:\/\/sertv.gob.pa\/crisolfm\/wp-json\/wp\/v2\/categories?post=24936"},{"taxonomy":"post_tag","embeddable":true,"href":"https:\/\/sertv.gob.pa\/crisolfm\/wp-json\/wp\/v2\/tags?post=24936"}],"curies":[{"name":"wp","href":"https:\/\/api.w.org\/{rel}","templated":true}]}}