{"id":24939,"date":"2019-12-16T13:44:07","date_gmt":"2019-12-16T13:44:07","guid":{"rendered":"https:\/\/sertv.gob.pa\/crisolfm\/?p=24939"},"modified":"2019-12-16T13:44:07","modified_gmt":"2019-12-16T13:44:07","slug":"papa-francisco-bendice-las-estatuillas-del-nino-jesus-para-los-pesebres","status":"publish","type":"post","link":"https:\/\/sertv.gob.pa\/crisolfm\/papa-francisco-bendice-las-estatuillas-del-nino-jesus-para-los-pesebres\/","title":{"rendered":"Papa Francisco bendice las estatuillas del Ni\u00f1o Jes\u00fas para los pesebres"},"content":{"rendered":"<p>El<a href=\"https:\/\/www.prensa.com\/tema\/papa-francisco\/\" target=\"_blank\" rel=\"noopener\"> papa Francisco<\/a> luego de rezar la oraci\u00f3n mariana del \u00c1ngelus, este domingo 15 de diciembre, salud\u00f3 a los peregrinos reunidos en la plaza de San Pedro y bendijo las estatuillas del Ni\u00f1o Jes\u00fas que presidir\u00e1n los pesebres de miles de hogares en esta Navidad, inform\u00f3 <strong>Vatican News. <\/strong>Entre los peregrinos, hab\u00edan familias, grupos religiosos y miembros de asociaciones cristianas procedentes de varias ciudades italianas, de Corea del Sur; Valencia, Espa\u00f1a; entre otros.<\/p>\n<p>Cuando lleg\u00f3 el momento esperado por ni\u00f1os y adultos, el Pont\u00edfice pidi\u00f3 que alzar\u00e1n las estatuillas del Ni\u00f1o Jes\u00fas. Y as\u00ed lo hicieron. \u201cLas bendigo de coraz\u00f3n\u201d, dijo Francisco recordando lo que ya expres\u00f3 en la carta apost\u00f3lica <em>Admirabile signum<\/em>, \u201cel Pesebre es como un Evangelio vivo. [&#8230;] Mientras contemplamos la escena de la Navidad, estamos invitados a meternos espiritualmente en el camino, atra\u00eddos por la humildad de Aquel que se hizo hombre para conocer a cada hombre. Y descubrimos que nos ama hasta el punto de unirse a nosotros, para que nosotros tambi\u00e9n podamos unirnos a \u00e9l\u00bb.<\/p>\n<p>AFP<\/p>\n","protected":false},"excerpt":{"rendered":"<p>El papa Francisco luego de rezar la oraci\u00f3n mariana del <a href=\"https:\/\/sertv.gob.pa\/crisolfm\/papa-francisco-bendice-las-estatuillas-del-nino-jesus-para-los-pesebres\/\"> [&#8230;]<\/a><\/p>\n","protected":false},"author":64,"featured_media":24940,"comment_status":"closed","ping_status":"closed","sticky":false,"template":"","format":"standard","meta":{"footnotes":""},"categories":[6],"tags":[],"class_list":["post-24939","post","type-post","status-publish","format-standard","has-post-thumbnail","hentry","category-culturales"],"_links":{"self":[{"href":"https:\/\/sertv.gob.pa\/crisolfm\/wp-json\/wp\/v2\/posts\/24939","targetHints":{"allow":["GET"]}}],"collection":[{"href":"https:\/\/sertv.gob.pa\/crisolfm\/wp-json\/wp\/v2\/posts"}],"about":[{"href":"https:\/\/sertv.gob.pa\/crisolfm\/wp-json\/wp\/v2\/types\/post"}],"author":[{"embeddable":true,"href":"https:\/\/sertv.gob.pa\/crisolfm\/wp-json\/wp\/v2\/users\/64"}],"replies":[{"embeddable":true,"href":"https:\/\/sertv.gob.pa\/crisolfm\/wp-json\/wp\/v2\/comments?post=24939"}],"version-history":[{"count":1,"href":"https:\/\/sertv.gob.pa\/crisolfm\/wp-json\/wp\/v2\/posts\/24939\/revisions"}],"predecessor-version":[{"id":24941,"href":"https:\/\/sertv.gob.pa\/crisolfm\/wp-json\/wp\/v2\/posts\/24939\/revisions\/24941"}],"wp:featuredmedia":[{"embeddable":true,"href":"https:\/\/sertv.gob.pa\/crisolfm\/wp-json\/wp\/v2\/media\/24940"}],"wp:attachment":[{"href":"https:\/\/sertv.gob.pa\/crisolfm\/wp-json\/wp\/v2\/media?parent=24939"}],"wp:term":[{"taxonomy":"category","embeddable":true,"href":"https:\/\/sertv.gob.pa\/crisolfm\/wp-json\/wp\/v2\/categories?post=24939"},{"taxonomy":"post_tag","embeddable":true,"href":"https:\/\/sertv.gob.pa\/crisolfm\/wp-json\/wp\/v2\/tags?post=24939"}],"curies":[{"name":"wp","href":"https:\/\/api.w.org\/{rel}","templated":true}]}}