{"id":24943,"date":"2019-12-16T13:50:38","date_gmt":"2019-12-16T13:50:38","guid":{"rendered":"https:\/\/sertv.gob.pa\/crisolfm\/?p=24943"},"modified":"2019-12-16T13:50:38","modified_gmt":"2019-12-16T13:50:38","slug":"fallece-la-actriz-anna-karina-icono-de-la-nouvelle-vague","status":"publish","type":"post","link":"https:\/\/sertv.gob.pa\/crisolfm\/fallece-la-actriz-anna-karina-icono-de-la-nouvelle-vague\/","title":{"rendered":"Fallece la actriz Anna Karina, icono de la Nouvelle Vague"},"content":{"rendered":"<p>La actriz <strong>Anna Karina,<\/strong> conocida por sus papeles en las pel\u00edculas de Jean-Luc Godard y una de las figuras de la Nouvelle Vague, muri\u00f3 el pasado s\u00e1bado en Par\u00eds, Francia, a causa de un c\u00e1ncer, a los 79 a\u00f1os de edad.<\/p>\n<p>Francesa de origen dan\u00e9s, la int\u00e9rprete de rostro p\u00e1lido y grandes ojos azulados rod\u00f3 siete filmes con Godard, en aquel entonces su pareja, en los a\u00f1os 1960. Tambi\u00e9n hizo carrera en el mundo de la m\u00fasica, triunfando junto al legendario Serge Gainsbourg.<\/p>\n<p>\u201cAnna muri\u00f3 ayer en un hospital parisino v\u00edctima de un c\u00e1ncer. Era una artista libre, \u00fanica\u201d, declar\u00f3 su agente, Laurent Balandras. El marido de la actriz, el director estadounidense Dennis Berry, se encontraba con ella en el momento del fallecimiento, seg\u00fan Balandras.<\/p>\n<p>\u201cHoy el cine franc\u00e9s est\u00e1 hu\u00e9rfano. Pierde a una de sus leyendas\u201d, afirm\u00f3 el ministro franc\u00e9s de Cultura, Franck Riester, en Twitter. La filmoteca francesa tambi\u00e9n expres\u00f3 su \u201cinmensa tristeza\u201d.<\/p>\n<p>AFP<\/p>\n","protected":false},"excerpt":{"rendered":"<p>La actriz Anna Karina, conocida por sus papeles en las <a href=\"https:\/\/sertv.gob.pa\/crisolfm\/fallece-la-actriz-anna-karina-icono-de-la-nouvelle-vague\/\"> [&#8230;]<\/a><\/p>\n","protected":false},"author":64,"featured_media":24944,"comment_status":"closed","ping_status":"closed","sticky":false,"template":"","format":"standard","meta":{"footnotes":""},"categories":[6],"tags":[],"class_list":["post-24943","post","type-post","status-publish","format-standard","has-post-thumbnail","hentry","category-culturales"],"_links":{"self":[{"href":"https:\/\/sertv.gob.pa\/crisolfm\/wp-json\/wp\/v2\/posts\/24943","targetHints":{"allow":["GET"]}}],"collection":[{"href":"https:\/\/sertv.gob.pa\/crisolfm\/wp-json\/wp\/v2\/posts"}],"about":[{"href":"https:\/\/sertv.gob.pa\/crisolfm\/wp-json\/wp\/v2\/types\/post"}],"author":[{"embeddable":true,"href":"https:\/\/sertv.gob.pa\/crisolfm\/wp-json\/wp\/v2\/users\/64"}],"replies":[{"embeddable":true,"href":"https:\/\/sertv.gob.pa\/crisolfm\/wp-json\/wp\/v2\/comments?post=24943"}],"version-history":[{"count":1,"href":"https:\/\/sertv.gob.pa\/crisolfm\/wp-json\/wp\/v2\/posts\/24943\/revisions"}],"predecessor-version":[{"id":24945,"href":"https:\/\/sertv.gob.pa\/crisolfm\/wp-json\/wp\/v2\/posts\/24943\/revisions\/24945"}],"wp:featuredmedia":[{"embeddable":true,"href":"https:\/\/sertv.gob.pa\/crisolfm\/wp-json\/wp\/v2\/media\/24944"}],"wp:attachment":[{"href":"https:\/\/sertv.gob.pa\/crisolfm\/wp-json\/wp\/v2\/media?parent=24943"}],"wp:term":[{"taxonomy":"category","embeddable":true,"href":"https:\/\/sertv.gob.pa\/crisolfm\/wp-json\/wp\/v2\/categories?post=24943"},{"taxonomy":"post_tag","embeddable":true,"href":"https:\/\/sertv.gob.pa\/crisolfm\/wp-json\/wp\/v2\/tags?post=24943"}],"curies":[{"name":"wp","href":"https:\/\/api.w.org\/{rel}","templated":true}]}}