{"id":24959,"date":"2019-12-16T14:29:22","date_gmt":"2019-12-16T14:29:22","guid":{"rendered":"https:\/\/sertv.gob.pa\/crisolfm\/?p=24959"},"modified":"2019-12-16T14:29:22","modified_gmt":"2019-12-16T14:29:22","slug":"bosque-escondido-entre-las-nubes-ampara-a-una-diminuta-ave-en-peligro-en-ecuador","status":"publish","type":"post","link":"https:\/\/sertv.gob.pa\/crisolfm\/bosque-escondido-entre-las-nubes-ampara-a-una-diminuta-ave-en-peligro-en-ecuador\/","title":{"rendered":"Bosque escondido entre las nubes ampara a una diminuta ave en peligro en Ecuador"},"content":{"rendered":"<p>Escondido entre nubes que acarician una monta\u00f1a en Quito, el bosque de la reserva Yanachocha protege al zamarrito pechinegro, una diminuta ave con plumas blancas que envuelven sus extremidades casi por completo a manera de un pantal\u00f3n r\u00fastico (zamarro), del que hereda su nombre.<\/p>\n<p>De unos siete cent\u00edmetros y aproximadamente diez gramos de peso, con plumas negras en el pecho, pero azules y violetas en el resto del cuerpo dependiendo del reflejo del sol en su fren\u00e9tico vuelo, el colibr\u00ed en cuesti\u00f3n ha sido declarado el ave emblem\u00e1tica de la capital ecuatoriana&#8230; pero est\u00e1 bajo amenaza.<\/p>\n<p>A 45 kil\u00f3metros de Quito se encuentra la reserva Yanacocha, de la Fundaci\u00f3n Jocotoco, una zona creada para proteger aves y especies en peligro, que se despliega desde los 3.000 hasta los 4.500 metros sobre el nivel del mar.En ese rango hay bosque montano alto, bosque de polylepis (planta nativa) y algunas zonas de pajonales. All\u00ed, la vegetaci\u00f3n parece jugar a las escondidas con las nubes que, al son del viento, cobijan y descubren en minutos la monta\u00f1a en la que hay pumas, tigrillos, lobos, ciervos y osos de anteojos, entre otras especies.<\/p>\n<p>Y all\u00ed tambi\u00e9n est\u00e1 el zamarrito pechinegro, un ave end\u00e9mica del sector, que \u00abest\u00e1 cr\u00edticamente amenazada\u00bb, explica a Efe Efra\u00edn Cepeda, director de las reservas del norte de la Fundaci\u00f3n Jocotoco.<\/p>\n<p>La reserva Yanacocha se cre\u00f3 en 2001 en el noroeste del volc\u00e1n Pichincha, con el af\u00e1n de preservar la especie del zamarrito pechinegro (Eriocnemis nigrivestis).<\/p>\n<p>EFE<\/p>\n<p>&nbsp;<\/p>\n","protected":false},"excerpt":{"rendered":"<p>Escondido entre nubes que acarician una monta\u00f1a en Quito, el <a href=\"https:\/\/sertv.gob.pa\/crisolfm\/bosque-escondido-entre-las-nubes-ampara-a-una-diminuta-ave-en-peligro-en-ecuador\/\"> [&#8230;]<\/a><\/p>\n","protected":false},"author":64,"featured_media":24960,"comment_status":"closed","ping_status":"closed","sticky":false,"template":"","format":"standard","meta":{"footnotes":""},"categories":[7],"tags":[],"class_list":["post-24959","post","type-post","status-publish","format-standard","has-post-thumbnail","hentry","category-ecologicas"],"_links":{"self":[{"href":"https:\/\/sertv.gob.pa\/crisolfm\/wp-json\/wp\/v2\/posts\/24959","targetHints":{"allow":["GET"]}}],"collection":[{"href":"https:\/\/sertv.gob.pa\/crisolfm\/wp-json\/wp\/v2\/posts"}],"about":[{"href":"https:\/\/sertv.gob.pa\/crisolfm\/wp-json\/wp\/v2\/types\/post"}],"author":[{"embeddable":true,"href":"https:\/\/sertv.gob.pa\/crisolfm\/wp-json\/wp\/v2\/users\/64"}],"replies":[{"embeddable":true,"href":"https:\/\/sertv.gob.pa\/crisolfm\/wp-json\/wp\/v2\/comments?post=24959"}],"version-history":[{"count":1,"href":"https:\/\/sertv.gob.pa\/crisolfm\/wp-json\/wp\/v2\/posts\/24959\/revisions"}],"predecessor-version":[{"id":24961,"href":"https:\/\/sertv.gob.pa\/crisolfm\/wp-json\/wp\/v2\/posts\/24959\/revisions\/24961"}],"wp:featuredmedia":[{"embeddable":true,"href":"https:\/\/sertv.gob.pa\/crisolfm\/wp-json\/wp\/v2\/media\/24960"}],"wp:attachment":[{"href":"https:\/\/sertv.gob.pa\/crisolfm\/wp-json\/wp\/v2\/media?parent=24959"}],"wp:term":[{"taxonomy":"category","embeddable":true,"href":"https:\/\/sertv.gob.pa\/crisolfm\/wp-json\/wp\/v2\/categories?post=24959"},{"taxonomy":"post_tag","embeddable":true,"href":"https:\/\/sertv.gob.pa\/crisolfm\/wp-json\/wp\/v2\/tags?post=24959"}],"curies":[{"name":"wp","href":"https:\/\/api.w.org\/{rel}","templated":true}]}}