{"id":24983,"date":"2019-12-17T13:45:39","date_gmt":"2019-12-17T13:45:39","guid":{"rendered":"https:\/\/sertv.gob.pa\/crisolfm\/?p=24983"},"modified":"2019-12-17T13:45:39","modified_gmt":"2019-12-17T13:45:39","slug":"el-ascenso-de-los-mares-en-panama","status":"publish","type":"post","link":"https:\/\/sertv.gob.pa\/crisolfm\/el-ascenso-de-los-mares-en-panama\/","title":{"rendered":"El ascenso de los mares en Panam\u00e1"},"content":{"rendered":"<p>Nadie en su sano juicio sugiere que el mar no est\u00e1 subiendo. Incluso algunos l\u00edderes mundiales que se niegan a reconocer el cambio clim\u00e1tico se est\u00e1n preparando para la inevitable p\u00e9rdida de tierras. En Panam\u00e1 todos podemos ver los efectos del aumento del mar con nuestros propios ojos. Las islas de Guna Yala son m\u00e1s peque\u00f1as de lo que sol\u00edan ser, las playas son m\u00e1s estrechas y las casas costeras se est\u00e1n desmoronando en el mar.<\/p>\n<p>\u00bfPero qu\u00e9 hay del futuro? Los cient\u00edficos mejoran constantemente los modelos que usan para predecir, y sale una gama de posibles resultados. Los modelos m\u00e1s optimistas predicen que el mar se elevar\u00e1 otros 50 cm para fines de este siglo. Esto ser\u00e1 suficiente para poner en peligro las casas de unos 50,000 paname\u00f1os que viven cerca del mar. La mayor\u00eda personas que viven en Guna Yala, Burica, Changuinola y Col\u00f3n, las cuales son de las m\u00e1s pobres del pa\u00eds y sin recursos para compensar su migraci\u00f3n.<\/p>\n<p>En el peor de los escenarios se elevar\u00e1n 2 metros m\u00e1s por encima de los niveles actuales. Eso es m\u00e1s que la altura de un Toyota Hilux (kit est\u00e1ndar). Si eso sucede, medio mill\u00f3n de paname\u00f1os estar\u00e1n en riesgo de inundarse durante las mareas altas. Bajo este escenario, la mayor\u00eda de las personas afectadas ser\u00e1n la clase media y alta que viven en \u00e1reas como Costa del Este.<\/p>\n<p>&nbsp;<\/p>\n","protected":false},"excerpt":{"rendered":"<p>Nadie en su sano juicio sugiere que el mar no <a href=\"https:\/\/sertv.gob.pa\/crisolfm\/el-ascenso-de-los-mares-en-panama\/\"> [&#8230;]<\/a><\/p>\n","protected":false},"author":64,"featured_media":24984,"comment_status":"closed","ping_status":"closed","sticky":false,"template":"","format":"standard","meta":{"footnotes":""},"categories":[7],"tags":[],"class_list":["post-24983","post","type-post","status-publish","format-standard","has-post-thumbnail","hentry","category-ecologicas"],"_links":{"self":[{"href":"https:\/\/sertv.gob.pa\/crisolfm\/wp-json\/wp\/v2\/posts\/24983","targetHints":{"allow":["GET"]}}],"collection":[{"href":"https:\/\/sertv.gob.pa\/crisolfm\/wp-json\/wp\/v2\/posts"}],"about":[{"href":"https:\/\/sertv.gob.pa\/crisolfm\/wp-json\/wp\/v2\/types\/post"}],"author":[{"embeddable":true,"href":"https:\/\/sertv.gob.pa\/crisolfm\/wp-json\/wp\/v2\/users\/64"}],"replies":[{"embeddable":true,"href":"https:\/\/sertv.gob.pa\/crisolfm\/wp-json\/wp\/v2\/comments?post=24983"}],"version-history":[{"count":1,"href":"https:\/\/sertv.gob.pa\/crisolfm\/wp-json\/wp\/v2\/posts\/24983\/revisions"}],"predecessor-version":[{"id":24985,"href":"https:\/\/sertv.gob.pa\/crisolfm\/wp-json\/wp\/v2\/posts\/24983\/revisions\/24985"}],"wp:featuredmedia":[{"embeddable":true,"href":"https:\/\/sertv.gob.pa\/crisolfm\/wp-json\/wp\/v2\/media\/24984"}],"wp:attachment":[{"href":"https:\/\/sertv.gob.pa\/crisolfm\/wp-json\/wp\/v2\/media?parent=24983"}],"wp:term":[{"taxonomy":"category","embeddable":true,"href":"https:\/\/sertv.gob.pa\/crisolfm\/wp-json\/wp\/v2\/categories?post=24983"},{"taxonomy":"post_tag","embeddable":true,"href":"https:\/\/sertv.gob.pa\/crisolfm\/wp-json\/wp\/v2\/tags?post=24983"}],"curies":[{"name":"wp","href":"https:\/\/api.w.org\/{rel}","templated":true}]}}