{"id":24986,"date":"2019-12-17T13:50:55","date_gmt":"2019-12-17T13:50:55","guid":{"rendered":"https:\/\/sertv.gob.pa\/crisolfm\/?p=24986"},"modified":"2019-12-17T13:50:55","modified_gmt":"2019-12-17T13:50:55","slug":"a-partir-del-mes-de-enero-10-mil-educadores-recibiran-capacitacion","status":"publish","type":"post","link":"https:\/\/sertv.gob.pa\/crisolfm\/a-partir-del-mes-de-enero-10-mil-educadores-recibiran-capacitacion\/","title":{"rendered":"A partir del mes de enero 10 mil educadores recibir\u00e1n capacitaci\u00f3n"},"content":{"rendered":"<p>Al menos 10 mil educadores del sector oficial ser\u00e1n incluidos en la capacitaci\u00f3n que ofrecer\u00e1 el<a href=\"https:\/\/www.prensa.com\/tema\/meduca-ministerio-de-educaci-n\/\" target=\"_blank\" rel=\"noopener\"> Ministerio de Educaci\u00f3n (Meduca) <\/a>durante el pr\u00f3ximo mes de enero, que busca fortalecer las herramientas que utilizan los docentes para desarrollar en los estudiantes habilidades de comprensi\u00f3n lectora.<\/p>\n<p>As\u00ed lo dio a conocer la ministra de Educaci\u00f3n, <a href=\"https:\/\/www.prensa.com\/tema\/maruja-gorday-de-villalobos\/\" target=\"_blank\" rel=\"noopener\">Maruja Gorday de Villalobos<\/a>, quien adem\u00e1s explic\u00f3 que lograr que los estudiantes tengan una mejor comprensi\u00f3n lectora es fundamental para que avancen en otros conocimientos, como matem\u00e1ticas y ciencias, as\u00ed como para que consigan hacer an\u00e1lisis cr\u00edticos.<\/p>\n<p>Gorday de Villalobos conf\u00eda que con estas capacitaciones el pa\u00eds pueda obtener mejores resultados cuando participe en pruebas internacionales en el futuro.<\/p>\n<p>Las capacitaciones son anunciadas dos semanas despu\u00e9s de que Panam\u00e1 qued\u00f3 en los \u00faltimos puestos de la evaluaci\u00f3n de calidad educativa del Programa para la Evaluaci\u00f3n Internacional de Alumnos de la Organizaci\u00f3n para la Cooperaci\u00f3n y el Desarrollo Econ\u00f3micos, conocido como PISA, por sus siglas en ingl\u00e9s.<\/p>\n<p>&nbsp;<\/p>\n","protected":false},"excerpt":{"rendered":"<p>Al menos 10 mil educadores del sector oficial ser\u00e1n incluidos <a href=\"https:\/\/sertv.gob.pa\/crisolfm\/a-partir-del-mes-de-enero-10-mil-educadores-recibiran-capacitacion\/\"> [&#8230;]<\/a><\/p>\n","protected":false},"author":64,"featured_media":24987,"comment_status":"closed","ping_status":"closed","sticky":false,"template":"","format":"standard","meta":{"footnotes":""},"categories":[6],"tags":[],"class_list":["post-24986","post","type-post","status-publish","format-standard","has-post-thumbnail","hentry","category-culturales"],"_links":{"self":[{"href":"https:\/\/sertv.gob.pa\/crisolfm\/wp-json\/wp\/v2\/posts\/24986","targetHints":{"allow":["GET"]}}],"collection":[{"href":"https:\/\/sertv.gob.pa\/crisolfm\/wp-json\/wp\/v2\/posts"}],"about":[{"href":"https:\/\/sertv.gob.pa\/crisolfm\/wp-json\/wp\/v2\/types\/post"}],"author":[{"embeddable":true,"href":"https:\/\/sertv.gob.pa\/crisolfm\/wp-json\/wp\/v2\/users\/64"}],"replies":[{"embeddable":true,"href":"https:\/\/sertv.gob.pa\/crisolfm\/wp-json\/wp\/v2\/comments?post=24986"}],"version-history":[{"count":1,"href":"https:\/\/sertv.gob.pa\/crisolfm\/wp-json\/wp\/v2\/posts\/24986\/revisions"}],"predecessor-version":[{"id":24988,"href":"https:\/\/sertv.gob.pa\/crisolfm\/wp-json\/wp\/v2\/posts\/24986\/revisions\/24988"}],"wp:featuredmedia":[{"embeddable":true,"href":"https:\/\/sertv.gob.pa\/crisolfm\/wp-json\/wp\/v2\/media\/24987"}],"wp:attachment":[{"href":"https:\/\/sertv.gob.pa\/crisolfm\/wp-json\/wp\/v2\/media?parent=24986"}],"wp:term":[{"taxonomy":"category","embeddable":true,"href":"https:\/\/sertv.gob.pa\/crisolfm\/wp-json\/wp\/v2\/categories?post=24986"},{"taxonomy":"post_tag","embeddable":true,"href":"https:\/\/sertv.gob.pa\/crisolfm\/wp-json\/wp\/v2\/tags?post=24986"}],"curies":[{"name":"wp","href":"https:\/\/api.w.org\/{rel}","templated":true}]}}