{"id":24989,"date":"2019-12-17T14:20:16","date_gmt":"2019-12-17T14:20:16","guid":{"rendered":"https:\/\/sertv.gob.pa\/crisolfm\/?p=24989"},"modified":"2019-12-17T14:20:16","modified_gmt":"2019-12-17T14:20:16","slug":"descubren-2-anclas-en-el-lugar-donde-desembarco-hernan-cortes-en-mexico","status":"publish","type":"post","link":"https:\/\/sertv.gob.pa\/crisolfm\/descubren-2-anclas-en-el-lugar-donde-desembarco-hernan-cortes-en-mexico\/","title":{"rendered":"Descubren 2 anclas en el lugar donde desembarc\u00f3 Hern\u00e1n Cort\u00e9s en M\u00e9xico"},"content":{"rendered":"<p>Investigadores mexicanos descubrieron dos anclas de hierro en las costas de Veracruz, presumiblemente en el sitio en que el conquistador espa\u00f1ol, Hern\u00e1n Cort\u00e9s, hundi\u00f3 sus barcos hace 500 a\u00f1os, inform\u00f3 este lunes el Instituto Nacional de Antropolog\u00eda e Historia (INAH) de M\u00e9xico.<\/p>\n<p>Por su hechura y fabricaci\u00f3n, las anclas estar\u00edan vinculadas al siglo XVI y su orientaci\u00f3n mostrar\u00eda una l\u00f3gica portuaria, la cual incluso podr\u00eda asociarse con la ubicaci\u00f3n de la flota de Cort\u00e9s, a\u00f1adi\u00f3 el INAH mediante un comunicado.<\/p>\n<p>La instituci\u00f3n explic\u00f3 que arque\u00f3logos subacu\u00e1ticos, que trabajan en conjunto con especialistas extranjeros, lograron localizar dos anclas de hierro en una exploraci\u00f3n en la zona de la Villa Rica de la Vera Cruz, actual ciudad de Veracruz, en las costas del Golfo de M\u00e9xico.<\/p>\n<p>\u00abSus caracter\u00edsticas las vinculan al siglo XVI y su alineaci\u00f3n en direcci\u00f3n suroeste, podr\u00eda, incluso, indicar que siguieron una din\u00e1mica portuaria en su colocaci\u00f3n sobre el lecho marino\u00bb, se apunt\u00f3 en el comunicado del organismo.<\/p>\n<p>EFE<\/p>\n","protected":false},"excerpt":{"rendered":"<p>Investigadores mexicanos descubrieron dos anclas de hierro en las costas <a href=\"https:\/\/sertv.gob.pa\/crisolfm\/descubren-2-anclas-en-el-lugar-donde-desembarco-hernan-cortes-en-mexico\/\"> [&#8230;]<\/a><\/p>\n","protected":false},"author":64,"featured_media":24990,"comment_status":"closed","ping_status":"closed","sticky":false,"template":"","format":"standard","meta":{"footnotes":""},"categories":[6],"tags":[],"class_list":["post-24989","post","type-post","status-publish","format-standard","has-post-thumbnail","hentry","category-culturales"],"_links":{"self":[{"href":"https:\/\/sertv.gob.pa\/crisolfm\/wp-json\/wp\/v2\/posts\/24989","targetHints":{"allow":["GET"]}}],"collection":[{"href":"https:\/\/sertv.gob.pa\/crisolfm\/wp-json\/wp\/v2\/posts"}],"about":[{"href":"https:\/\/sertv.gob.pa\/crisolfm\/wp-json\/wp\/v2\/types\/post"}],"author":[{"embeddable":true,"href":"https:\/\/sertv.gob.pa\/crisolfm\/wp-json\/wp\/v2\/users\/64"}],"replies":[{"embeddable":true,"href":"https:\/\/sertv.gob.pa\/crisolfm\/wp-json\/wp\/v2\/comments?post=24989"}],"version-history":[{"count":1,"href":"https:\/\/sertv.gob.pa\/crisolfm\/wp-json\/wp\/v2\/posts\/24989\/revisions"}],"predecessor-version":[{"id":24991,"href":"https:\/\/sertv.gob.pa\/crisolfm\/wp-json\/wp\/v2\/posts\/24989\/revisions\/24991"}],"wp:featuredmedia":[{"embeddable":true,"href":"https:\/\/sertv.gob.pa\/crisolfm\/wp-json\/wp\/v2\/media\/24990"}],"wp:attachment":[{"href":"https:\/\/sertv.gob.pa\/crisolfm\/wp-json\/wp\/v2\/media?parent=24989"}],"wp:term":[{"taxonomy":"category","embeddable":true,"href":"https:\/\/sertv.gob.pa\/crisolfm\/wp-json\/wp\/v2\/categories?post=24989"},{"taxonomy":"post_tag","embeddable":true,"href":"https:\/\/sertv.gob.pa\/crisolfm\/wp-json\/wp\/v2\/tags?post=24989"}],"curies":[{"name":"wp","href":"https:\/\/api.w.org\/{rel}","templated":true}]}}