{"id":24992,"date":"2019-12-17T14:24:44","date_gmt":"2019-12-17T14:24:44","guid":{"rendered":"https:\/\/sertv.gob.pa\/crisolfm\/?p=24992"},"modified":"2019-12-17T14:24:44","modified_gmt":"2019-12-17T14:24:44","slug":"placido-domingo-es-homenajeado-en-milan-y-aplaudido-durante-casi-20-minutos","status":"publish","type":"post","link":"https:\/\/sertv.gob.pa\/crisolfm\/placido-domingo-es-homenajeado-en-milan-y-aplaudido-durante-casi-20-minutos\/","title":{"rendered":"Pl\u00e1cido Domingo es homenajeado en Mil\u00e1n y aplaudido durante casi 20 minutos"},"content":{"rendered":"<p>El cantante espa\u00f1ol Pl\u00e1cido Domingo ha sido homenajeado este domingo en La Scala de Mil\u00e1n, uno de los templos oper\u00edsticos m\u00e1s relevantes del mundo, con una gala celebrada por el quincuag\u00e9simo aniversario de su debut en este teatro que ha merecido una ovaci\u00f3n de 18 minutos por parte del p\u00fablico.<\/p>\n<p>Cincuenta a\u00f1os despu\u00e9s de su primera actuaci\u00f3n el 7 de diciembre de 1969, Domingo ha vuelto hoy a La Scala milanesa para deleitar a los amantes de la m\u00fasica cl\u00e1sica con un concierto de algunas de las m\u00e1s conocidas escenas de \u00f3pera verdianas. Un repertorio que ha merecido un aplauso de 18 minutos y los v\u00edtores de un p\u00fablico que se ha puesto en pie para alabar a uno de los tenores espa\u00f1oles m\u00e1s importantes en el \u00e1mbito internacional, seg\u00fan los medios italianos.<\/p>\n<p>Para su gala homenaje, este cantante, director de orquesta, productor y compositor ha contado con Evelino Pid\u00f2 como director musical y con Salvo Sgr\u00f2 como maestro del coro. Adem\u00e1s, cantaron junto a \u00e9l tres voces de gran reconocimiento mundial: la soprano espa\u00f1ola Saioa Hern\u00e1ndez, el tenor espa\u00f1ol Jorge de Le\u00f3n y el bajo italiano Ferruccio Furlanetto. El repertorio ha incluido arias y duetos de Nabucco, Macbeth, Don Carlo, I vespri siciliani e Il Trovatore.<\/p>\n<p>Con este concierto, La Scala ha conmemorado la trayectoria profesional de uno de los artistas m\u00e1s admirados de todos los tiempos y el homenaje durar\u00e1 un mes, hasta el 13 de enero.<\/p>\n<p>EFE<\/p>\n","protected":false},"excerpt":{"rendered":"<p>El cantante espa\u00f1ol Pl\u00e1cido Domingo ha sido homenajeado este domingo <a href=\"https:\/\/sertv.gob.pa\/crisolfm\/placido-domingo-es-homenajeado-en-milan-y-aplaudido-durante-casi-20-minutos\/\"> [&#8230;]<\/a><\/p>\n","protected":false},"author":64,"featured_media":24993,"comment_status":"closed","ping_status":"closed","sticky":false,"template":"","format":"standard","meta":{"footnotes":""},"categories":[6],"tags":[],"class_list":["post-24992","post","type-post","status-publish","format-standard","has-post-thumbnail","hentry","category-culturales"],"_links":{"self":[{"href":"https:\/\/sertv.gob.pa\/crisolfm\/wp-json\/wp\/v2\/posts\/24992","targetHints":{"allow":["GET"]}}],"collection":[{"href":"https:\/\/sertv.gob.pa\/crisolfm\/wp-json\/wp\/v2\/posts"}],"about":[{"href":"https:\/\/sertv.gob.pa\/crisolfm\/wp-json\/wp\/v2\/types\/post"}],"author":[{"embeddable":true,"href":"https:\/\/sertv.gob.pa\/crisolfm\/wp-json\/wp\/v2\/users\/64"}],"replies":[{"embeddable":true,"href":"https:\/\/sertv.gob.pa\/crisolfm\/wp-json\/wp\/v2\/comments?post=24992"}],"version-history":[{"count":1,"href":"https:\/\/sertv.gob.pa\/crisolfm\/wp-json\/wp\/v2\/posts\/24992\/revisions"}],"predecessor-version":[{"id":24994,"href":"https:\/\/sertv.gob.pa\/crisolfm\/wp-json\/wp\/v2\/posts\/24992\/revisions\/24994"}],"wp:featuredmedia":[{"embeddable":true,"href":"https:\/\/sertv.gob.pa\/crisolfm\/wp-json\/wp\/v2\/media\/24993"}],"wp:attachment":[{"href":"https:\/\/sertv.gob.pa\/crisolfm\/wp-json\/wp\/v2\/media?parent=24992"}],"wp:term":[{"taxonomy":"category","embeddable":true,"href":"https:\/\/sertv.gob.pa\/crisolfm\/wp-json\/wp\/v2\/categories?post=24992"},{"taxonomy":"post_tag","embeddable":true,"href":"https:\/\/sertv.gob.pa\/crisolfm\/wp-json\/wp\/v2\/tags?post=24992"}],"curies":[{"name":"wp","href":"https:\/\/api.w.org\/{rel}","templated":true}]}}