{"id":24995,"date":"2019-12-17T14:30:48","date_gmt":"2019-12-17T14:30:48","guid":{"rendered":"https:\/\/sertv.gob.pa\/crisolfm\/?p=24995"},"modified":"2019-12-17T14:30:48","modified_gmt":"2019-12-17T14:30:48","slug":"director-del-bolshoi-califica-de-absurdas-acusaciones-de-racismo-de-bailarina-negra","status":"publish","type":"post","link":"https:\/\/sertv.gob.pa\/crisolfm\/director-del-bolshoi-califica-de-absurdas-acusaciones-de-racismo-de-bailarina-negra\/","title":{"rendered":"Director del Bolsh\u00f3i califica de \u00ababsurdas\u00bb acusaciones de racismo de bailarina negra"},"content":{"rendered":"<p>El director del Bolsh\u00f3i descart\u00f3 &#8211;por considerarlas \u00ababsurdas\u00bb&#8211; las acusaciones de la bailarina estadounidense Misty Copeland, quien acus\u00f3 al teatro ruso de racismo por maquillar a sus bailarinas en lugar de contratar mujeres negras.\u00a0 \u00abNo hacemos comentarios sobre estas declaraciones absurdas\u00bb, dijo Vladimir Urin, el director de Bolsh\u00f3i, citado por su servicio de prensa contactado por la AFP este lunes.<\/p>\n<p>Bailarines y expertos rusos en ballet argumentaron que no hab\u00eda suficientes bailarines negros en el pa\u00eds para desempe\u00f1ar estos roles.<\/p>\n<p>\u00abRealmente duele saber que muchas grandes compa\u00f1\u00edas de ballet se niegan a contratar bailarines de color y prefieren optar por un maquillaje negro\u00bb, dijo Misty Copeland, de 37 a\u00f1os, en su cuenta en Twitter.\u00a0\u00abEntiendo que \u00e9ste es un tema MUY delicado en el mundo del ballet. Pero si nadie llama a las personas o las hace sentir c\u00f3modas, nada cambiar\u00e1\u00bb, agreg\u00f3.<\/p>\n<p>A principios de diciembre, Copeland, primera estadounidense de raza negra en integrar el prestigioso American Ballet Theatre de Nueva York, se hab\u00eda tomado una foto en Instagram publicada por dos j\u00f3venes bailarinas de Bolsh\u00f3i, con la cara y el cuerpo en negro.<\/p>\n<p>Las dos adolescentes posaron durante los ensayos para el ballet \u00abLa Bayad\u00e8re\u00bb, una obra del core\u00f3grafo franc\u00e9s Marius Petipa que se supone que tiene lugar en la India.<\/p>\n<p>Desde su creaci\u00f3n en 1877 en San Petersburgo, este espect\u00e1culo ha recurrido a bailarinas maquilladas como mujeres negras.<\/p>\n<p>Frente a estas declaraciones, muy difundidas en las redes sociales, el director del Bolsh\u00f3i, citado por la agencia Ria-Novosti, ya hab\u00eda defendido la semana pasada al enfatizar que el espect\u00e1culo se hab\u00eda realizado en esta forma \u00abmiles de veces\u00bb en Rusia y en todo el mundo.<\/p>\n<p>Una famosa bailarina rusa, Svetlana Zajarova, dijo por su parte en el canal Moskva-24 que \u00abno hab\u00eda nada extra\u00f1o\u00bb. \u00abEs un juego teatral, es arte. As\u00ed que no vi ninguna alusi\u00f3n racista\u00bb, dijo.<\/p>\n<p>AFP<\/p>\n","protected":false},"excerpt":{"rendered":"<p>El director del Bolsh\u00f3i descart\u00f3 &#8211;por considerarlas \u00ababsurdas\u00bb&#8211; las acusaciones <a href=\"https:\/\/sertv.gob.pa\/crisolfm\/director-del-bolshoi-califica-de-absurdas-acusaciones-de-racismo-de-bailarina-negra\/\"> [&#8230;]<\/a><\/p>\n","protected":false},"author":64,"featured_media":24996,"comment_status":"closed","ping_status":"closed","sticky":false,"template":"","format":"standard","meta":{"footnotes":""},"categories":[6],"tags":[],"class_list":["post-24995","post","type-post","status-publish","format-standard","has-post-thumbnail","hentry","category-culturales"],"_links":{"self":[{"href":"https:\/\/sertv.gob.pa\/crisolfm\/wp-json\/wp\/v2\/posts\/24995","targetHints":{"allow":["GET"]}}],"collection":[{"href":"https:\/\/sertv.gob.pa\/crisolfm\/wp-json\/wp\/v2\/posts"}],"about":[{"href":"https:\/\/sertv.gob.pa\/crisolfm\/wp-json\/wp\/v2\/types\/post"}],"author":[{"embeddable":true,"href":"https:\/\/sertv.gob.pa\/crisolfm\/wp-json\/wp\/v2\/users\/64"}],"replies":[{"embeddable":true,"href":"https:\/\/sertv.gob.pa\/crisolfm\/wp-json\/wp\/v2\/comments?post=24995"}],"version-history":[{"count":1,"href":"https:\/\/sertv.gob.pa\/crisolfm\/wp-json\/wp\/v2\/posts\/24995\/revisions"}],"predecessor-version":[{"id":24997,"href":"https:\/\/sertv.gob.pa\/crisolfm\/wp-json\/wp\/v2\/posts\/24995\/revisions\/24997"}],"wp:featuredmedia":[{"embeddable":true,"href":"https:\/\/sertv.gob.pa\/crisolfm\/wp-json\/wp\/v2\/media\/24996"}],"wp:attachment":[{"href":"https:\/\/sertv.gob.pa\/crisolfm\/wp-json\/wp\/v2\/media?parent=24995"}],"wp:term":[{"taxonomy":"category","embeddable":true,"href":"https:\/\/sertv.gob.pa\/crisolfm\/wp-json\/wp\/v2\/categories?post=24995"},{"taxonomy":"post_tag","embeddable":true,"href":"https:\/\/sertv.gob.pa\/crisolfm\/wp-json\/wp\/v2\/tags?post=24995"}],"curies":[{"name":"wp","href":"https:\/\/api.w.org\/{rel}","templated":true}]}}