{"id":24998,"date":"2019-12-17T14:41:22","date_gmt":"2019-12-17T14:41:22","guid":{"rendered":"https:\/\/sertv.gob.pa\/crisolfm\/?p=24998"},"modified":"2019-12-17T14:41:22","modified_gmt":"2019-12-17T14:41:22","slug":"los-protegidos-jabalies-imponen-su-presencia-en-una-ciudad-de-israel","status":"publish","type":"post","link":"https:\/\/sertv.gob.pa\/crisolfm\/los-protegidos-jabalies-imponen-su-presencia-en-una-ciudad-de-israel\/","title":{"rendered":"Los protegidos jabal\u00edes imponen su presencia en una ciudad de Israel"},"content":{"rendered":"<p>Media docena de jabal\u00edes se alimentan de hierba en un terrapl\u00e9n de Haifa, en Israel. Un hombre mayor se acerca, intenta dispersarlos. En vano. Los animales se alejan un poco, al trote, pero vuelven a pacer algunos metros m\u00e1s all\u00e1.<\/p>\n<p>Decenas de familias de jabal\u00edes suelen venir a hacer picnic a esta ciudad del norte de Israel, desde que la nueva alcaldesa elegida en noviembre de 2018, Einat Kalisch-Rotem, prohibi\u00f3 que fueran cazados, en nombre de los derechos de los animales.<\/p>\n<p>Haifa, tercera ciudad de Israel con 300.000 habitantes, est\u00e1 implantada al pie del Monte Carmelo, donde viven jabal\u00edes, zorros, chacales y otros animales salvajes, todos ellos protegidos por las leyes israel\u00edes.<\/p>\n<p>Adeptos de plantas y bayas salvajes, pero tambi\u00e9n deseosos de hurgar entre las basuras, los jabal\u00edes bajan por la noche, desde hace tiempo, a las calles de Haifa en busca de agua y alimentos.<\/p>\n<p>Esta creciente presencia suscita un intenso debate local entre defensores de la causa animal y habitantes que quieren deshacerse de estas bestias urbanas, que ahora atraviesan las calles en pleno d\u00eda o incluso se reproducen en los parques p\u00fablicos.<\/p>\n<p>\u00abHan convertido nuestras vidas en un infierno\u00bb, grita una mujer ante una peque\u00f1a horda de cerdos salvajes.<\/p>\n<p>\u00abAntes ven\u00edan solo de noche, cuando no hab\u00eda nadie en el exterior, pero ahora se pasean en pleno d\u00eda\u00bb se queja Ilana Dihno, coorganizadora de una manifestaci\u00f3n antijabal\u00edes en diciembre.<\/p>\n<p>AFP<\/p>\n","protected":false},"excerpt":{"rendered":"<p>Media docena de jabal\u00edes se alimentan de hierba en un <a href=\"https:\/\/sertv.gob.pa\/crisolfm\/los-protegidos-jabalies-imponen-su-presencia-en-una-ciudad-de-israel\/\"> [&#8230;]<\/a><\/p>\n","protected":false},"author":64,"featured_media":24999,"comment_status":"closed","ping_status":"closed","sticky":false,"template":"","format":"standard","meta":{"footnotes":""},"categories":[7],"tags":[],"class_list":["post-24998","post","type-post","status-publish","format-standard","has-post-thumbnail","hentry","category-ecologicas"],"_links":{"self":[{"href":"https:\/\/sertv.gob.pa\/crisolfm\/wp-json\/wp\/v2\/posts\/24998","targetHints":{"allow":["GET"]}}],"collection":[{"href":"https:\/\/sertv.gob.pa\/crisolfm\/wp-json\/wp\/v2\/posts"}],"about":[{"href":"https:\/\/sertv.gob.pa\/crisolfm\/wp-json\/wp\/v2\/types\/post"}],"author":[{"embeddable":true,"href":"https:\/\/sertv.gob.pa\/crisolfm\/wp-json\/wp\/v2\/users\/64"}],"replies":[{"embeddable":true,"href":"https:\/\/sertv.gob.pa\/crisolfm\/wp-json\/wp\/v2\/comments?post=24998"}],"version-history":[{"count":1,"href":"https:\/\/sertv.gob.pa\/crisolfm\/wp-json\/wp\/v2\/posts\/24998\/revisions"}],"predecessor-version":[{"id":25000,"href":"https:\/\/sertv.gob.pa\/crisolfm\/wp-json\/wp\/v2\/posts\/24998\/revisions\/25000"}],"wp:featuredmedia":[{"embeddable":true,"href":"https:\/\/sertv.gob.pa\/crisolfm\/wp-json\/wp\/v2\/media\/24999"}],"wp:attachment":[{"href":"https:\/\/sertv.gob.pa\/crisolfm\/wp-json\/wp\/v2\/media?parent=24998"}],"wp:term":[{"taxonomy":"category","embeddable":true,"href":"https:\/\/sertv.gob.pa\/crisolfm\/wp-json\/wp\/v2\/categories?post=24998"},{"taxonomy":"post_tag","embeddable":true,"href":"https:\/\/sertv.gob.pa\/crisolfm\/wp-json\/wp\/v2\/tags?post=24998"}],"curies":[{"name":"wp","href":"https:\/\/api.w.org\/{rel}","templated":true}]}}