{"id":25033,"date":"2019-12-18T14:26:14","date_gmt":"2019-12-18T14:26:14","guid":{"rendered":"https:\/\/sertv.gob.pa\/crisolfm\/?p=25033"},"modified":"2019-12-18T14:26:14","modified_gmt":"2019-12-18T14:26:14","slug":"el-cordero-mistico-recupera-el-esplendor-que-le-dieron-los-hermanos-van-eyck","status":"publish","type":"post","link":"https:\/\/sertv.gob.pa\/crisolfm\/el-cordero-mistico-recupera-el-esplendor-que-le-dieron-los-hermanos-van-eyck\/","title":{"rendered":"\u00abEl Cordero M\u00edstico\u00bb recupera el esplendor que le dieron los hermanos Van Eyck"},"content":{"rendered":"<p>Hay pocas obras de arte que arrastren una historia tan densa como <strong>el pol\u00edptico de Gante, \u00abEl Cordero M\u00edstico\u00bb<\/strong>. Los expertos belgas desvelaron ayer el resultado de la <strong>segunda fase<\/strong> de una restauraci\u00f3n que no terminar\u00e1 hasta 2024. La obra ha recuperado el esplendor original que dejaron las manos de l<strong>os hermanos Van Eyck <\/strong>en 1432 y ha vuelto a tener los colores y las formas originales, una vez que se le ha retirado toda la capa de retoques y barnices a\u00f1adidos en las distintas intervenciones que se han llevado a cabo desde el siglo XVI.<\/p>\n<p>El resultado es uno de estos grandes milagros de la belleza, porque la gruesa capa de barnices y lacas que ocupaba casi la mitad de la obra tambi\u00e9n ha preservado bien los pigmentos originales. Un trabajo t\u00e9cnico espectacular permitir\u00e1 observarlo ahora \u2013al menos estos fragmentos\u2013 en todo su esplendor.<\/p>\n<p>Esta operaci\u00f3n de restauraci\u00f3n es la m\u00e1s importante de toda su historia. En la <strong>primera fase <\/strong>se repararon los paneles traseros de las dos puertas, aquellos que solo se ven cuando el conjunto est\u00e1 cerrado. Esta <strong>segunda<\/strong> se ha ocupado de la parte inferior, los dos paneles de la derecha, el de Los Peregrinos y Los Ermita\u00f1os, la gran escena central, la m\u00e1s compleja y la que da nombre a la obra, con sus paisajes, sus numerosos personajes y sus paisajes, y a la izquierda el de Los Caballeros de Cristo.<\/p>\n<p>El \u00faltimo fragmento del conjunto, el de <strong>Los Jueces Justos, es una copia<\/strong> hecha en los a\u00f1os 40 para sustituir el original que fue robado y que, a pesar de las rocambolescas versiones que se publican cada cierto tiempo, no ha sido posible localizar. La restauraci\u00f3n de los paneles superiores comenzar\u00e1 en cuanto se defina la financiaci\u00f3n necesaria. El coste de la segunda fase ha sido de 900.000 euros.<\/p>\n<p>&nbsp;<\/p>\n<p>ABC Cultura<\/p>\n","protected":false},"excerpt":{"rendered":"<p>Hay pocas obras de arte que arrastren una historia tan <a href=\"https:\/\/sertv.gob.pa\/crisolfm\/el-cordero-mistico-recupera-el-esplendor-que-le-dieron-los-hermanos-van-eyck\/\"> [&#8230;]<\/a><\/p>\n","protected":false},"author":64,"featured_media":25034,"comment_status":"closed","ping_status":"closed","sticky":false,"template":"","format":"standard","meta":{"footnotes":""},"categories":[6],"tags":[],"class_list":["post-25033","post","type-post","status-publish","format-standard","has-post-thumbnail","hentry","category-culturales"],"_links":{"self":[{"href":"https:\/\/sertv.gob.pa\/crisolfm\/wp-json\/wp\/v2\/posts\/25033","targetHints":{"allow":["GET"]}}],"collection":[{"href":"https:\/\/sertv.gob.pa\/crisolfm\/wp-json\/wp\/v2\/posts"}],"about":[{"href":"https:\/\/sertv.gob.pa\/crisolfm\/wp-json\/wp\/v2\/types\/post"}],"author":[{"embeddable":true,"href":"https:\/\/sertv.gob.pa\/crisolfm\/wp-json\/wp\/v2\/users\/64"}],"replies":[{"embeddable":true,"href":"https:\/\/sertv.gob.pa\/crisolfm\/wp-json\/wp\/v2\/comments?post=25033"}],"version-history":[{"count":1,"href":"https:\/\/sertv.gob.pa\/crisolfm\/wp-json\/wp\/v2\/posts\/25033\/revisions"}],"predecessor-version":[{"id":25035,"href":"https:\/\/sertv.gob.pa\/crisolfm\/wp-json\/wp\/v2\/posts\/25033\/revisions\/25035"}],"wp:featuredmedia":[{"embeddable":true,"href":"https:\/\/sertv.gob.pa\/crisolfm\/wp-json\/wp\/v2\/media\/25034"}],"wp:attachment":[{"href":"https:\/\/sertv.gob.pa\/crisolfm\/wp-json\/wp\/v2\/media?parent=25033"}],"wp:term":[{"taxonomy":"category","embeddable":true,"href":"https:\/\/sertv.gob.pa\/crisolfm\/wp-json\/wp\/v2\/categories?post=25033"},{"taxonomy":"post_tag","embeddable":true,"href":"https:\/\/sertv.gob.pa\/crisolfm\/wp-json\/wp\/v2\/tags?post=25033"}],"curies":[{"name":"wp","href":"https:\/\/api.w.org\/{rel}","templated":true}]}}