{"id":25036,"date":"2019-12-18T14:32:59","date_gmt":"2019-12-18T14:32:59","guid":{"rendered":"https:\/\/sertv.gob.pa\/crisolfm\/?p=25036"},"modified":"2019-12-18T14:32:59","modified_gmt":"2019-12-18T14:32:59","slug":"la-nevada-desertica-de-goya-no-fue-causa-del-cambio-climatico","status":"publish","type":"post","link":"https:\/\/sertv.gob.pa\/crisolfm\/la-nevada-desertica-de-goya-no-fue-causa-del-cambio-climatico\/","title":{"rendered":"\u00abLa nevada\u00bb des\u00e9rtica de Goya no fue causa del cambio clim\u00e1tico"},"content":{"rendered":"<p>\u00bfHa llegado el <strong>cambio clim\u00e1tico<\/strong> hasta las salas del <strong>Prado<\/strong>? \u00bfHa aumentado la temperatura del museo hasta el punto de cambiar las estaciones pintadas por Goya? De momento, no, aunque habr\u00e1 quien piense lo contrario. A simple vista, parec\u00eda que los tres personajes centrales de <strong>\u00abLa nevada (o El Invierno)\u00bb, de Goya<\/strong>, atravesaban el desierto m\u00e1s que un paisaje nevado en plena ventisca invernal. Eran colores c\u00e1lidos, cuando en realidad los que pint\u00f3 Goya eran g\u00e9lidos. Es uno de los <strong>cartones para tapices <\/strong>que hizo Goya entre 1786 y 1787 con el tema de las cuatro estaciones del a\u00f1o, destinados a decorar el comedor de los Pr\u00edncipes de Asturias (el futuro Carlos IV y su esposa, Mar\u00eda Luisa de Parma) en el palacio de El Pardo.<\/p>\n<p>La obra ha pasado durante los \u00faltimos quince meses por el taller de restauraci\u00f3n del Museo del Prado. Ha estado en buenas manos, las de <strong>Elisa Mora<\/strong>. \u00abLo ped\u00eda a gritos\u00bb, advierte. Necesitaba pasar por \u00abquir\u00f3fano\u00bb: los barnices se hab\u00edan oxidado, produciendo un tono ocre, amarillento, en la superficie pict\u00f3rica, que ahora <strong>recupera la gama original de grises<\/strong> (m\u00e1s que blancos) que utiliz\u00f3 Goya para dar esa sensaci\u00f3n de fr\u00edo. Es la primera vez en la Historia del Arte que se represent\u00f3 el invierno de manera realista, no idealizada.<\/p>\n<p>Desde el lunes <strong>cuelga de nuevo en la sala 85 de Villanueva<\/strong>. Explica la restauradora que los problemas no solo eran los barnices. Sufr\u00eda m\u00e1s da\u00f1os. Los cartones para tapices no se consideraban obras de arte, sino meros instrumentos de trabajo. Un material, por tanto, que, lejos de cuidarse, sol\u00eda enrollarse, doblarse e incluso desecharse. La \u00faltima vez que se restaur\u00f3 esta obra (\u00f3leo sobre lienzo, 275 por 293 cent\u00edmetros) fue en 1870, cuando fue reentelada y se le aplicaron los barnices. Era necesario, explica Mora, quitar los <strong>retoques alterados<\/strong> y reintegrar las <strong>p\u00e9rdidas de pintura<\/strong>.<\/p>\n<p>ABC Cultura<\/p>\n","protected":false},"excerpt":{"rendered":"<p>\u00bfHa llegado el cambio clim\u00e1tico hasta las salas del Prado? <a href=\"https:\/\/sertv.gob.pa\/crisolfm\/la-nevada-desertica-de-goya-no-fue-causa-del-cambio-climatico\/\"> [&#8230;]<\/a><\/p>\n","protected":false},"author":64,"featured_media":25037,"comment_status":"closed","ping_status":"closed","sticky":false,"template":"","format":"standard","meta":{"footnotes":""},"categories":[6],"tags":[],"class_list":["post-25036","post","type-post","status-publish","format-standard","has-post-thumbnail","hentry","category-culturales"],"_links":{"self":[{"href":"https:\/\/sertv.gob.pa\/crisolfm\/wp-json\/wp\/v2\/posts\/25036","targetHints":{"allow":["GET"]}}],"collection":[{"href":"https:\/\/sertv.gob.pa\/crisolfm\/wp-json\/wp\/v2\/posts"}],"about":[{"href":"https:\/\/sertv.gob.pa\/crisolfm\/wp-json\/wp\/v2\/types\/post"}],"author":[{"embeddable":true,"href":"https:\/\/sertv.gob.pa\/crisolfm\/wp-json\/wp\/v2\/users\/64"}],"replies":[{"embeddable":true,"href":"https:\/\/sertv.gob.pa\/crisolfm\/wp-json\/wp\/v2\/comments?post=25036"}],"version-history":[{"count":1,"href":"https:\/\/sertv.gob.pa\/crisolfm\/wp-json\/wp\/v2\/posts\/25036\/revisions"}],"predecessor-version":[{"id":25038,"href":"https:\/\/sertv.gob.pa\/crisolfm\/wp-json\/wp\/v2\/posts\/25036\/revisions\/25038"}],"wp:featuredmedia":[{"embeddable":true,"href":"https:\/\/sertv.gob.pa\/crisolfm\/wp-json\/wp\/v2\/media\/25037"}],"wp:attachment":[{"href":"https:\/\/sertv.gob.pa\/crisolfm\/wp-json\/wp\/v2\/media?parent=25036"}],"wp:term":[{"taxonomy":"category","embeddable":true,"href":"https:\/\/sertv.gob.pa\/crisolfm\/wp-json\/wp\/v2\/categories?post=25036"},{"taxonomy":"post_tag","embeddable":true,"href":"https:\/\/sertv.gob.pa\/crisolfm\/wp-json\/wp\/v2\/tags?post=25036"}],"curies":[{"name":"wp","href":"https:\/\/api.w.org\/{rel}","templated":true}]}}