{"id":25068,"date":"2019-12-19T13:33:25","date_gmt":"2019-12-19T13:33:25","guid":{"rendered":"https:\/\/sertv.gob.pa\/crisolfm\/?p=25068"},"modified":"2019-12-19T13:33:25","modified_gmt":"2019-12-19T13:33:25","slug":"ruben-blades-estara-presente-en-el-festival-de-jazz","status":"publish","type":"post","link":"https:\/\/sertv.gob.pa\/crisolfm\/ruben-blades-estara-presente-en-el-festival-de-jazz\/","title":{"rendered":"Rub\u00e9n Blades estar\u00e1 presente en el festival de \u2018jazz\u2019"},"content":{"rendered":"<p>La Big Bang de Roberto Delgado y el reconocido cantautor paname\u00f1o <a href=\"https:\/\/www.prensa.com\/tema\/rub-n-blades\/\" target=\"_blank\" rel=\"noopener\">Rub\u00e9n Blades<\/a> se unen a los artistas invitados de la d\u00e9cimo s\u00e9ptima edici\u00f3n del <a href=\"https:\/\/www.prensa.com\/tema\/panama-jazz-festival\/\" target=\"_blank\" rel=\"noopener\">Panam\u00e1 Jazz Festival<\/a>, que se efectuar\u00e1 entre el 13 y el 18 de enero de 2020.<\/p>\n<p>Blades y la orquesta de Delgado participar\u00e1n en la noche de gala del festival el 15 de enero en el Teatro Anayansi del Centro de Convenciones Atlapa. En el concierto igualmente estar\u00e1n los artistas <a href=\"https:\/\/www.prensa.com\/tema\/danilo-p-rez\/\" target=\"_blank\" rel=\"noopener\">Danilo P\u00e9rez<\/a>, Dianne Reeves, Isaac Delgado, Terri Lyne Carrington y John Pattituci.<\/p>\n<p>Este espect\u00e1culo se considera hist\u00f3rico ya que marca un precedente importante en el intercambio cultural entre Panam\u00e1, Cuba y Estados Unidos, destaca un comunicado de la organizaci\u00f3n del evento.<\/p>\n<p>El festival tambi\u00e9n contar\u00e1 con una serie de espect\u00e1culos estelares en el Teatro Ateneo de Ciudad del Saber, con artistas como la banda de m\u00fasicos Detroit All Star, la chilena Patricia Z\u00e1rate y el baterista Adam Cruz.<\/p>\n<p>&nbsp;<\/p>\n","protected":false},"excerpt":{"rendered":"<p>La Big Bang de Roberto Delgado y el reconocido cantautor <a href=\"https:\/\/sertv.gob.pa\/crisolfm\/ruben-blades-estara-presente-en-el-festival-de-jazz\/\"> [&#8230;]<\/a><\/p>\n","protected":false},"author":64,"featured_media":25069,"comment_status":"closed","ping_status":"closed","sticky":false,"template":"","format":"standard","meta":{"footnotes":""},"categories":[6],"tags":[],"class_list":["post-25068","post","type-post","status-publish","format-standard","has-post-thumbnail","hentry","category-culturales"],"_links":{"self":[{"href":"https:\/\/sertv.gob.pa\/crisolfm\/wp-json\/wp\/v2\/posts\/25068","targetHints":{"allow":["GET"]}}],"collection":[{"href":"https:\/\/sertv.gob.pa\/crisolfm\/wp-json\/wp\/v2\/posts"}],"about":[{"href":"https:\/\/sertv.gob.pa\/crisolfm\/wp-json\/wp\/v2\/types\/post"}],"author":[{"embeddable":true,"href":"https:\/\/sertv.gob.pa\/crisolfm\/wp-json\/wp\/v2\/users\/64"}],"replies":[{"embeddable":true,"href":"https:\/\/sertv.gob.pa\/crisolfm\/wp-json\/wp\/v2\/comments?post=25068"}],"version-history":[{"count":1,"href":"https:\/\/sertv.gob.pa\/crisolfm\/wp-json\/wp\/v2\/posts\/25068\/revisions"}],"predecessor-version":[{"id":25070,"href":"https:\/\/sertv.gob.pa\/crisolfm\/wp-json\/wp\/v2\/posts\/25068\/revisions\/25070"}],"wp:featuredmedia":[{"embeddable":true,"href":"https:\/\/sertv.gob.pa\/crisolfm\/wp-json\/wp\/v2\/media\/25069"}],"wp:attachment":[{"href":"https:\/\/sertv.gob.pa\/crisolfm\/wp-json\/wp\/v2\/media?parent=25068"}],"wp:term":[{"taxonomy":"category","embeddable":true,"href":"https:\/\/sertv.gob.pa\/crisolfm\/wp-json\/wp\/v2\/categories?post=25068"},{"taxonomy":"post_tag","embeddable":true,"href":"https:\/\/sertv.gob.pa\/crisolfm\/wp-json\/wp\/v2\/tags?post=25068"}],"curies":[{"name":"wp","href":"https:\/\/api.w.org\/{rel}","templated":true}]}}