{"id":25071,"date":"2019-12-19T13:39:16","date_gmt":"2019-12-19T13:39:16","guid":{"rendered":"https:\/\/sertv.gob.pa\/crisolfm\/?p=25071"},"modified":"2019-12-19T13:39:16","modified_gmt":"2019-12-19T13:39:16","slug":"la-prensa-publica-ebook-sobre-la-invasion-de-eu-a-panama","status":"publish","type":"post","link":"https:\/\/sertv.gob.pa\/crisolfm\/la-prensa-publica-ebook-sobre-la-invasion-de-eu-a-panama\/","title":{"rendered":"\u2018La Prensa\u2019 publica \u2018ebook\u2019 sobre la invasi\u00f3n de EU a Panam\u00e1"},"content":{"rendered":"<p>Al conmemorarse este viernes, 20 de diciembre de 2019, 30 a\u00f1os de la invasi\u00f3n de Estados Unidos (EU) a Panam\u00e1, <strong>La Prensa<\/strong> public\u00f3 en <a href=\"http:\/\/amazon.com\/\" target=\"_blank\" rel=\"noopener\">Amazon.com<\/a> el libro en formato digital titulado <a href=\"https:\/\/www.amazon.com\/dp\/B082VSL2SX\/ref=pd_rhf_se_p_img_1?_encoding=UTF8&amp;psc=1&amp;refRID=RVSMXD8NX0RV5FY4ZJA7\" target=\"_blank\" rel=\"noopener\">Treinta Historias de una Invasi\u00f3n<\/a>.<\/p>\n<p>La obra est\u00e1 en formato Kindle, que puede leerse tanto en lenguaje IOS como en Adroid, bajando la aplicaci\u00f3n Kindle. Son relatos publicados por periodistas y colaboradores de La Prensa que narran el antes, durante y despu\u00e9s de la invasi\u00f3n.<\/p>\n<p>En su mayor\u00eda, estas historias fueron revisadas y actualizadas por sus propios autores, con excepci\u00f3n, de una. La Prensa narra su historia desde sus dram\u00e1ticos cierres durante la dictadura militar, hasta su reapertura, en enero de 1990. Y desde entonces, su rol como medio de comunicaci\u00f3n independiente, abarcando, incluso, los retos que enfrenta el periodismo tradicional frente a los avances tecnol\u00f3gicos contempor\u00e1neos.<\/p>\n<p>Este e-book pretende no solo alcanzar al lector tradicional de La Prensa, sino igualmente a aquellas generaciones m\u00e1s j\u00f3venes que merecen conocer una historia que extra\u00f1amente no se cuenta en las aulas de clases o cuya narrativa se aborda con superficialidad y timidez.<\/p>\n<p>&nbsp;<\/p>\n","protected":false},"excerpt":{"rendered":"<p>Al conmemorarse este viernes, 20 de diciembre de 2019, 30 <a href=\"https:\/\/sertv.gob.pa\/crisolfm\/la-prensa-publica-ebook-sobre-la-invasion-de-eu-a-panama\/\"> [&#8230;]<\/a><\/p>\n","protected":false},"author":64,"featured_media":25072,"comment_status":"closed","ping_status":"closed","sticky":false,"template":"","format":"standard","meta":{"footnotes":""},"categories":[6],"tags":[],"class_list":["post-25071","post","type-post","status-publish","format-standard","has-post-thumbnail","hentry","category-culturales"],"_links":{"self":[{"href":"https:\/\/sertv.gob.pa\/crisolfm\/wp-json\/wp\/v2\/posts\/25071","targetHints":{"allow":["GET"]}}],"collection":[{"href":"https:\/\/sertv.gob.pa\/crisolfm\/wp-json\/wp\/v2\/posts"}],"about":[{"href":"https:\/\/sertv.gob.pa\/crisolfm\/wp-json\/wp\/v2\/types\/post"}],"author":[{"embeddable":true,"href":"https:\/\/sertv.gob.pa\/crisolfm\/wp-json\/wp\/v2\/users\/64"}],"replies":[{"embeddable":true,"href":"https:\/\/sertv.gob.pa\/crisolfm\/wp-json\/wp\/v2\/comments?post=25071"}],"version-history":[{"count":1,"href":"https:\/\/sertv.gob.pa\/crisolfm\/wp-json\/wp\/v2\/posts\/25071\/revisions"}],"predecessor-version":[{"id":25073,"href":"https:\/\/sertv.gob.pa\/crisolfm\/wp-json\/wp\/v2\/posts\/25071\/revisions\/25073"}],"wp:featuredmedia":[{"embeddable":true,"href":"https:\/\/sertv.gob.pa\/crisolfm\/wp-json\/wp\/v2\/media\/25072"}],"wp:attachment":[{"href":"https:\/\/sertv.gob.pa\/crisolfm\/wp-json\/wp\/v2\/media?parent=25071"}],"wp:term":[{"taxonomy":"category","embeddable":true,"href":"https:\/\/sertv.gob.pa\/crisolfm\/wp-json\/wp\/v2\/categories?post=25071"},{"taxonomy":"post_tag","embeddable":true,"href":"https:\/\/sertv.gob.pa\/crisolfm\/wp-json\/wp\/v2\/tags?post=25071"}],"curies":[{"name":"wp","href":"https:\/\/api.w.org\/{rel}","templated":true}]}}