{"id":25074,"date":"2019-12-19T13:53:36","date_gmt":"2019-12-19T13:53:36","guid":{"rendered":"https:\/\/sertv.gob.pa\/crisolfm\/?p=25074"},"modified":"2019-12-19T13:53:36","modified_gmt":"2019-12-19T13:53:36","slug":"fallece-alberto-btesh-empresario-y-artista","status":"publish","type":"post","link":"https:\/\/sertv.gob.pa\/crisolfm\/fallece-alberto-btesh-empresario-y-artista\/","title":{"rendered":"Fallece Alberto Btesh, empresario y artista"},"content":{"rendered":"<p>Los paisajistas lamentan el deceso del empresario y artista Alberto Btesh, quien a lo largo de su vida se destac\u00f3 en la pintura. Adem\u00e1s, cre\u00f3\u00a0la Fundaci\u00f3n Alberto y Pamela Btesh, que realiza donaciones en el pa\u00eds. Fund\u00f3 Multibank y el Museo \u00danico Albert Btesh.<\/p>\n<p>El pintor y escultor Jorge Cama\u00f1o lo recuerda como un hombre muy activo en el arte y cree que Panam\u00e1 pierde un gran talento, ya que fue un gran impulsador de las obras art\u00edsticas. El artista pl\u00e1stico Aristides Ure\u00f1a manifest\u00f3 que fue un grande admirador de Monet, Rousseau y Gauguin. Trat\u00f3 de filtrar con sus pinceladas las memorias pict\u00f3ricas para sintetizar una obra interesante y digna de admirar.<\/p>\n<p>&nbsp;<\/p>\n<p>&nbsp;<\/p>\n<p>&nbsp;<\/p>\n<p>&nbsp;<\/p>\n<p>&nbsp;<\/p>\n","protected":false},"excerpt":{"rendered":"<p>Los paisajistas lamentan el deceso del empresario y artista Alberto <a href=\"https:\/\/sertv.gob.pa\/crisolfm\/fallece-alberto-btesh-empresario-y-artista\/\"> [&#8230;]<\/a><\/p>\n","protected":false},"author":64,"featured_media":25075,"comment_status":"closed","ping_status":"closed","sticky":false,"template":"","format":"standard","meta":{"footnotes":""},"categories":[6],"tags":[],"class_list":["post-25074","post","type-post","status-publish","format-standard","has-post-thumbnail","hentry","category-culturales"],"_links":{"self":[{"href":"https:\/\/sertv.gob.pa\/crisolfm\/wp-json\/wp\/v2\/posts\/25074","targetHints":{"allow":["GET"]}}],"collection":[{"href":"https:\/\/sertv.gob.pa\/crisolfm\/wp-json\/wp\/v2\/posts"}],"about":[{"href":"https:\/\/sertv.gob.pa\/crisolfm\/wp-json\/wp\/v2\/types\/post"}],"author":[{"embeddable":true,"href":"https:\/\/sertv.gob.pa\/crisolfm\/wp-json\/wp\/v2\/users\/64"}],"replies":[{"embeddable":true,"href":"https:\/\/sertv.gob.pa\/crisolfm\/wp-json\/wp\/v2\/comments?post=25074"}],"version-history":[{"count":1,"href":"https:\/\/sertv.gob.pa\/crisolfm\/wp-json\/wp\/v2\/posts\/25074\/revisions"}],"predecessor-version":[{"id":25076,"href":"https:\/\/sertv.gob.pa\/crisolfm\/wp-json\/wp\/v2\/posts\/25074\/revisions\/25076"}],"wp:featuredmedia":[{"embeddable":true,"href":"https:\/\/sertv.gob.pa\/crisolfm\/wp-json\/wp\/v2\/media\/25075"}],"wp:attachment":[{"href":"https:\/\/sertv.gob.pa\/crisolfm\/wp-json\/wp\/v2\/media?parent=25074"}],"wp:term":[{"taxonomy":"category","embeddable":true,"href":"https:\/\/sertv.gob.pa\/crisolfm\/wp-json\/wp\/v2\/categories?post=25074"},{"taxonomy":"post_tag","embeddable":true,"href":"https:\/\/sertv.gob.pa\/crisolfm\/wp-json\/wp\/v2\/tags?post=25074"}],"curies":[{"name":"wp","href":"https:\/\/api.w.org\/{rel}","templated":true}]}}