{"id":25097,"date":"2019-12-20T13:40:18","date_gmt":"2019-12-20T13:40:18","guid":{"rendered":"https:\/\/sertv.gob.pa\/crisolfm\/?p=25097"},"modified":"2019-12-20T13:40:18","modified_gmt":"2019-12-20T13:40:18","slug":"mas-de-1-500-expositores-se-dan-cita-en-la-feria-del-libro-de-quito","status":"publish","type":"post","link":"https:\/\/sertv.gob.pa\/crisolfm\/mas-de-1-500-expositores-se-dan-cita-en-la-feria-del-libro-de-quito\/","title":{"rendered":"M\u00e1s de 1.500 expositores se dan cita en la Feria del Libro de Quito"},"content":{"rendered":"<p>M\u00e1s de 1.500 expositores, entre editores y escritores, se congregan en la capital ecuatoriana, en la Feria Internacional del Libro Quito 2019 que se inaugur\u00f3 este mi\u00e9rcoles y que permanecer\u00e1 abierta hasta el pr\u00f3ximo domingo.<\/p>\n<p>El encuentro se realiza en el Centro de Convenciones Metropolitano, en el norte de la ciudad, un gran edificio en el que se han adecuado m\u00e1s de 8.000 metros cuadrados para albergar a las editoriales, a los escritores y a la variada oferta de libros. Adem\u00e1s, participar\u00e1n representantes de las letras y de los libros de Espa\u00f1a, Argentina, Brasil, M\u00e9xico, Chile, Colombia, Venezuela, Bolivia, Uruguay, Portugal y Per\u00fa.<\/p>\n<p>Y aunque en esta edici\u00f3n no han participado varias de las m\u00e1s importantes casas editoriales del pa\u00eds, la Feria ha puesto \u00c9nfasis en los autores y editores nuevos, para que puedan ser visibilizados, seg\u00fan sus organizadores.<\/p>\n<p>\u00abRegala libros, regala mundos\u00bb es el lema de la Feria que en esta edici\u00f3n destacar\u00e1 a la literatura ecuatoriana, seg\u00fan refiri\u00f3 en el acto inaugural Mar\u00eda Fernanda Ampuero, gerenta del Plan Nacional del Libro y la Lectura y organizadora del encuentro. \u00abLa literatura tal vez es un sue\u00f1o que se hace realidad\u00bb en este tipo de encuentros, remarc\u00f3 Ampuero que tambi\u00e9n es una destacada escritora ecuatoriana.<\/p>\n<p>EFE<\/p>\n","protected":false},"excerpt":{"rendered":"<p>M\u00e1s de 1.500 expositores, entre editores y escritores, se congregan <a href=\"https:\/\/sertv.gob.pa\/crisolfm\/mas-de-1-500-expositores-se-dan-cita-en-la-feria-del-libro-de-quito\/\"> [&#8230;]<\/a><\/p>\n","protected":false},"author":64,"featured_media":25098,"comment_status":"closed","ping_status":"closed","sticky":false,"template":"","format":"standard","meta":{"footnotes":""},"categories":[6],"tags":[],"class_list":["post-25097","post","type-post","status-publish","format-standard","has-post-thumbnail","hentry","category-culturales"],"_links":{"self":[{"href":"https:\/\/sertv.gob.pa\/crisolfm\/wp-json\/wp\/v2\/posts\/25097","targetHints":{"allow":["GET"]}}],"collection":[{"href":"https:\/\/sertv.gob.pa\/crisolfm\/wp-json\/wp\/v2\/posts"}],"about":[{"href":"https:\/\/sertv.gob.pa\/crisolfm\/wp-json\/wp\/v2\/types\/post"}],"author":[{"embeddable":true,"href":"https:\/\/sertv.gob.pa\/crisolfm\/wp-json\/wp\/v2\/users\/64"}],"replies":[{"embeddable":true,"href":"https:\/\/sertv.gob.pa\/crisolfm\/wp-json\/wp\/v2\/comments?post=25097"}],"version-history":[{"count":1,"href":"https:\/\/sertv.gob.pa\/crisolfm\/wp-json\/wp\/v2\/posts\/25097\/revisions"}],"predecessor-version":[{"id":25099,"href":"https:\/\/sertv.gob.pa\/crisolfm\/wp-json\/wp\/v2\/posts\/25097\/revisions\/25099"}],"wp:featuredmedia":[{"embeddable":true,"href":"https:\/\/sertv.gob.pa\/crisolfm\/wp-json\/wp\/v2\/media\/25098"}],"wp:attachment":[{"href":"https:\/\/sertv.gob.pa\/crisolfm\/wp-json\/wp\/v2\/media?parent=25097"}],"wp:term":[{"taxonomy":"category","embeddable":true,"href":"https:\/\/sertv.gob.pa\/crisolfm\/wp-json\/wp\/v2\/categories?post=25097"},{"taxonomy":"post_tag","embeddable":true,"href":"https:\/\/sertv.gob.pa\/crisolfm\/wp-json\/wp\/v2\/tags?post=25097"}],"curies":[{"name":"wp","href":"https:\/\/api.w.org\/{rel}","templated":true}]}}