{"id":25115,"date":"2019-12-20T14:27:54","date_gmt":"2019-12-20T14:27:54","guid":{"rendered":"https:\/\/sertv.gob.pa\/crisolfm\/?p=25115"},"modified":"2019-12-20T14:27:54","modified_gmt":"2019-12-20T14:27:54","slug":"conversatorio-el-estado-post-invasion-en-el-auditorio-del-museo-del-canal","status":"publish","type":"post","link":"https:\/\/sertv.gob.pa\/crisolfm\/conversatorio-el-estado-post-invasion-en-el-auditorio-del-museo-del-canal\/","title":{"rendered":"Conversatorio \u201cEl Estado Post Invasi\u00f3n\u201d en el auditorio del Museo del Canal"},"content":{"rendered":"<p>Como parte de las iniciativas para conmemorar el 20 de diciembre de 1989, el Ministerio de Cultura en conjunto con el Museo del Canal Interoce\u00e1nico de Panam\u00e1, llev\u00f3 a cabo el conversatorio denominado \u201cEl Estado Post Invasi\u00f3n\u201d, en el auditorio del Museo del Canal.<\/p>\n<p>Esta actividad reuni\u00f3 a expertos quienes intercambiaron conocimientos y aportaron datos sobre lo que sucedi\u00f3 luego de la invasi\u00f3n a nivel pol\u00edtico, social y cultural. Paname\u00f1os como: Marixa Lasso, Harry Brown, Richard Morales, Enrique Noel y Jorge Rivera Staff, fueron los panelistas que dieron vida a esta actividad.<\/p>\n<p>Marixa Lasso, directora de Publicaciones del Ministerio de Cultura, resalt\u00f3 \u201cla importancia de entender lo que nos ha pasado despu\u00e9s de la invasi\u00f3n, como el Estado ha enfrentado los traumas, las divisiones sociales que presiden en consecuencia de este hecho hist\u00f3rico y que hemos construido a lo largo de estos 30 a\u00f1os\u201d.<\/p>\n<p>Por su parte Enrique Noel, director de Derechos Culturales y Ciudadan\u00eda de Micultura, destac\u00f3 que \u201ceste conversatorio nos hace reflexionar sobre las consecuencias institucionales a largo plazo que ha tenido este evento hist\u00f3rico en la conformaci\u00f3n de a nuestra institucionalidad, como empieza el estado a reconocer la diversidad cultural, para reconstruir la democracia\u201d.<\/p>\n<p>&nbsp;<\/p>\n","protected":false},"excerpt":{"rendered":"<p>Como parte de las iniciativas para conmemorar el 20 de <a href=\"https:\/\/sertv.gob.pa\/crisolfm\/conversatorio-el-estado-post-invasion-en-el-auditorio-del-museo-del-canal\/\"> [&#8230;]<\/a><\/p>\n","protected":false},"author":64,"featured_media":25116,"comment_status":"closed","ping_status":"closed","sticky":false,"template":"","format":"standard","meta":{"footnotes":""},"categories":[6],"tags":[],"class_list":["post-25115","post","type-post","status-publish","format-standard","has-post-thumbnail","hentry","category-culturales"],"_links":{"self":[{"href":"https:\/\/sertv.gob.pa\/crisolfm\/wp-json\/wp\/v2\/posts\/25115","targetHints":{"allow":["GET"]}}],"collection":[{"href":"https:\/\/sertv.gob.pa\/crisolfm\/wp-json\/wp\/v2\/posts"}],"about":[{"href":"https:\/\/sertv.gob.pa\/crisolfm\/wp-json\/wp\/v2\/types\/post"}],"author":[{"embeddable":true,"href":"https:\/\/sertv.gob.pa\/crisolfm\/wp-json\/wp\/v2\/users\/64"}],"replies":[{"embeddable":true,"href":"https:\/\/sertv.gob.pa\/crisolfm\/wp-json\/wp\/v2\/comments?post=25115"}],"version-history":[{"count":1,"href":"https:\/\/sertv.gob.pa\/crisolfm\/wp-json\/wp\/v2\/posts\/25115\/revisions"}],"predecessor-version":[{"id":25117,"href":"https:\/\/sertv.gob.pa\/crisolfm\/wp-json\/wp\/v2\/posts\/25115\/revisions\/25117"}],"wp:featuredmedia":[{"embeddable":true,"href":"https:\/\/sertv.gob.pa\/crisolfm\/wp-json\/wp\/v2\/media\/25116"}],"wp:attachment":[{"href":"https:\/\/sertv.gob.pa\/crisolfm\/wp-json\/wp\/v2\/media?parent=25115"}],"wp:term":[{"taxonomy":"category","embeddable":true,"href":"https:\/\/sertv.gob.pa\/crisolfm\/wp-json\/wp\/v2\/categories?post=25115"},{"taxonomy":"post_tag","embeddable":true,"href":"https:\/\/sertv.gob.pa\/crisolfm\/wp-json\/wp\/v2\/tags?post=25115"}],"curies":[{"name":"wp","href":"https:\/\/api.w.org\/{rel}","templated":true}]}}