{"id":25125,"date":"2019-12-20T15:00:59","date_gmt":"2019-12-20T15:00:59","guid":{"rendered":"https:\/\/sertv.gob.pa\/crisolfm\/?p=25125"},"modified":"2019-12-20T15:00:59","modified_gmt":"2019-12-20T15:00:59","slug":"los-fuegos-forestales-en-espana-se-llevan-por-delante-mas-de-80-000-hectareas-en-lo-que-va-del-ano","status":"publish","type":"post","link":"https:\/\/sertv.gob.pa\/crisolfm\/los-fuegos-forestales-en-espana-se-llevan-por-delante-mas-de-80-000-hectareas-en-lo-que-va-del-ano\/","title":{"rendered":"Los fuegos forestales en Espa\u00f1a se llevan por delante m\u00e1s de 80.000 hect\u00e1reas en lo que va del a\u00f1o"},"content":{"rendered":"<p>El fuego ha arrasado un total de <strong>80.967,21 hect\u00e1reas<\/strong> de superficie entre el 1 de enero y el 30 de noviembre, lo que representa casi 15.000 hect\u00e1reas menos que la media del decenio, pero un 234,52 por ciento m\u00e1s que en el mismo periodo del a\u00f1o pasado, o lo que es lo mismo, 3,34 veces m\u00e1s, seg\u00fan datos del Ministerio de Agricultura, Pesca y Alimentaci\u00f3n. As\u00ed, en lo que va de a\u00f1o, se ha quemado un 14,64 por ciento menos hect\u00e1reas que la media del decenio, aunque respecto al a\u00f1o pasado en este ejercicio se ha registrado un claro repunte tanto en las hect\u00e1reas arrasadas, como en el n\u00famero de incendios y de grandes fuegos.<\/p>\n<p>En cuanto al n\u00famero de incendios, este a\u00f1o se han producido <strong>10.717 siniestros<\/strong>, m\u00e1s de 4.000 m\u00e1s que los 6.804 de 2018. De estos, 7.173 fueron conatos, algo menos que los 7.911 de la media del decenio, y 3.544 incendios, de los que 14 han superado las 500 hect\u00e1reas arrasadas.<\/p>\n<p>Respecto a la distribuci\u00f3n geogr\u00e1fica, el 42,86 por ciento de los incendios se produjo en el noroeste; el 38,98 por ciento en las comunidades interiores; el 17,61 por ciento en el Mediterr\u00e1neo y el 0,55 por ciento en Canarias.<\/p>\n<p>Con ese 0,55 por ciento de los fuegos, en Canarias ardi\u00f3 el 16,31 por ciento de la superficie arbolada y el 12,27 por ciento de la superficie forestal.<\/p>\n<p>Mientras, en el noroeste, donde se produjo el 42,86 por ciento de los fuegos, ardi\u00f3 el 29,90 por ciento de la superficie arbolada y el 44,34 por ciento de la superficie forestal.<\/p>\n<p>ECOticias<\/p>\n","protected":false},"excerpt":{"rendered":"<p>El fuego ha arrasado un total de 80.967,21 hect\u00e1reas de <a href=\"https:\/\/sertv.gob.pa\/crisolfm\/los-fuegos-forestales-en-espana-se-llevan-por-delante-mas-de-80-000-hectareas-en-lo-que-va-del-ano\/\"> [&#8230;]<\/a><\/p>\n","protected":false},"author":64,"featured_media":25127,"comment_status":"closed","ping_status":"closed","sticky":false,"template":"","format":"standard","meta":{"footnotes":""},"categories":[7],"tags":[],"class_list":["post-25125","post","type-post","status-publish","format-standard","has-post-thumbnail","hentry","category-ecologicas"],"_links":{"self":[{"href":"https:\/\/sertv.gob.pa\/crisolfm\/wp-json\/wp\/v2\/posts\/25125","targetHints":{"allow":["GET"]}}],"collection":[{"href":"https:\/\/sertv.gob.pa\/crisolfm\/wp-json\/wp\/v2\/posts"}],"about":[{"href":"https:\/\/sertv.gob.pa\/crisolfm\/wp-json\/wp\/v2\/types\/post"}],"author":[{"embeddable":true,"href":"https:\/\/sertv.gob.pa\/crisolfm\/wp-json\/wp\/v2\/users\/64"}],"replies":[{"embeddable":true,"href":"https:\/\/sertv.gob.pa\/crisolfm\/wp-json\/wp\/v2\/comments?post=25125"}],"version-history":[{"count":1,"href":"https:\/\/sertv.gob.pa\/crisolfm\/wp-json\/wp\/v2\/posts\/25125\/revisions"}],"predecessor-version":[{"id":25128,"href":"https:\/\/sertv.gob.pa\/crisolfm\/wp-json\/wp\/v2\/posts\/25125\/revisions\/25128"}],"wp:featuredmedia":[{"embeddable":true,"href":"https:\/\/sertv.gob.pa\/crisolfm\/wp-json\/wp\/v2\/media\/25127"}],"wp:attachment":[{"href":"https:\/\/sertv.gob.pa\/crisolfm\/wp-json\/wp\/v2\/media?parent=25125"}],"wp:term":[{"taxonomy":"category","embeddable":true,"href":"https:\/\/sertv.gob.pa\/crisolfm\/wp-json\/wp\/v2\/categories?post=25125"},{"taxonomy":"post_tag","embeddable":true,"href":"https:\/\/sertv.gob.pa\/crisolfm\/wp-json\/wp\/v2\/tags?post=25125"}],"curies":[{"name":"wp","href":"https:\/\/api.w.org\/{rel}","templated":true}]}}