{"id":25129,"date":"2019-12-20T15:12:28","date_gmt":"2019-12-20T15:12:28","guid":{"rendered":"https:\/\/sertv.gob.pa\/crisolfm\/?p=25129"},"modified":"2019-12-20T15:12:28","modified_gmt":"2019-12-20T15:12:28","slug":"andrea-bocelli-elige-el-marco-del-stone-music-festival-para-protagonizar-su-unico-concierto-en-espana","status":"publish","type":"post","link":"https:\/\/sertv.gob.pa\/crisolfm\/andrea-bocelli-elige-el-marco-del-stone-music-festival-para-protagonizar-su-unico-concierto-en-espana\/","title":{"rendered":"Andrea Bocelli elige el marco del Stone &amp; Music Festival para protagonizar su \u00fanico concierto en Espa\u00f1a"},"content":{"rendered":"<p>El<strong> tenor italiano, Andrea Bocelli<\/strong> ha elegido el marco del Stone &amp; Music Festival, que este a\u00f1o celebra su quinto aniversario, para protagonizar su \u00fanico concierto en Espa\u00f1a en 2020. Ser\u00e1 el 19 de septiembre en el marco \u00fanico del bimilenario <strong>Teatro Romano<\/strong>, donde tiene previsto ofrecer un recital muy especial, d\u00f3nde interpretar\u00e1 las arias m\u00e1s conocidas de su repertorio oper\u00edstico y sus hits m\u00e1s populares, cantados junto a grandes de la m\u00fasica pop y situados en los top de las listas musicales.<\/p>\n<p><strong>Andrea Bocelli<\/strong> acaba de sacar a la venta <em><strong>\u2018S\u00ed Forever: The Diamond Edition\u2019<\/strong><\/em>, una edici\u00f3n especial de \u2018S\u00ed\u2019, el trabajo discogr\u00e1fico que public\u00f3 en 2018 y que ya ha vendido m\u00e1s de un mill\u00f3n de discos, logrando ser el primer italiano que se sit\u00faa, simult\u00e1nea, n\u00famero uno en las listas de Estados Unidos y Reino Unido, adem\u00e1s de procurarle una nominaci\u00f3n a los Grammy dentro de la categor\u00eda de <strong>Mejor \u00c1lbum Vocal Pop Tradicional.<\/strong><\/p>\n<p>Despu\u00e9s de haber recibido 5 nominaciones a los premios Grammy y 6 nominaciones a los <strong>Grammy Latinos<\/strong>, actuar para cuatro presidentes de los Estados Unidos, tres Papas, la Familia Real Brit\u00e1nica, numerosos Primeros Ministros y tambi\u00e9n en las ceremonias de los <strong>Juegos Ol\u00edmpicos<\/strong>, las exposiciones Universales de Shanghai y Mil\u00e1n y haber venido m\u00e1s de nueve millones de discos a nivel mundial, Bocelli visitar\u00e1 Espa\u00f1a y participar\u00e1 en el \u00fanico festival de m\u00fasica del pa\u00eds que utiliza un escenario natural, hist\u00f3rico y Patrimonio de la Humanidad como escenario de sus conciertos.<\/p>\n<p>OK Diario<\/p>\n","protected":false},"excerpt":{"rendered":"<p>El tenor italiano, Andrea Bocelli ha elegido el marco del <a href=\"https:\/\/sertv.gob.pa\/crisolfm\/andrea-bocelli-elige-el-marco-del-stone-music-festival-para-protagonizar-su-unico-concierto-en-espana\/\"> [&#8230;]<\/a><\/p>\n","protected":false},"author":64,"featured_media":25130,"comment_status":"closed","ping_status":"closed","sticky":false,"template":"","format":"standard","meta":{"footnotes":""},"categories":[6],"tags":[],"class_list":["post-25129","post","type-post","status-publish","format-standard","has-post-thumbnail","hentry","category-culturales"],"_links":{"self":[{"href":"https:\/\/sertv.gob.pa\/crisolfm\/wp-json\/wp\/v2\/posts\/25129","targetHints":{"allow":["GET"]}}],"collection":[{"href":"https:\/\/sertv.gob.pa\/crisolfm\/wp-json\/wp\/v2\/posts"}],"about":[{"href":"https:\/\/sertv.gob.pa\/crisolfm\/wp-json\/wp\/v2\/types\/post"}],"author":[{"embeddable":true,"href":"https:\/\/sertv.gob.pa\/crisolfm\/wp-json\/wp\/v2\/users\/64"}],"replies":[{"embeddable":true,"href":"https:\/\/sertv.gob.pa\/crisolfm\/wp-json\/wp\/v2\/comments?post=25129"}],"version-history":[{"count":1,"href":"https:\/\/sertv.gob.pa\/crisolfm\/wp-json\/wp\/v2\/posts\/25129\/revisions"}],"predecessor-version":[{"id":25131,"href":"https:\/\/sertv.gob.pa\/crisolfm\/wp-json\/wp\/v2\/posts\/25129\/revisions\/25131"}],"wp:featuredmedia":[{"embeddable":true,"href":"https:\/\/sertv.gob.pa\/crisolfm\/wp-json\/wp\/v2\/media\/25130"}],"wp:attachment":[{"href":"https:\/\/sertv.gob.pa\/crisolfm\/wp-json\/wp\/v2\/media?parent=25129"}],"wp:term":[{"taxonomy":"category","embeddable":true,"href":"https:\/\/sertv.gob.pa\/crisolfm\/wp-json\/wp\/v2\/categories?post=25129"},{"taxonomy":"post_tag","embeddable":true,"href":"https:\/\/sertv.gob.pa\/crisolfm\/wp-json\/wp\/v2\/tags?post=25129"}],"curies":[{"name":"wp","href":"https:\/\/api.w.org\/{rel}","templated":true}]}}