{"id":25153,"date":"2019-12-23T14:24:14","date_gmt":"2019-12-23T14:24:14","guid":{"rendered":"https:\/\/sertv.gob.pa\/crisolfm\/?p=25153"},"modified":"2019-12-23T14:24:14","modified_gmt":"2019-12-23T14:24:14","slug":"cambio-climatico-provoca-aumento-de-plagas-en-arboles-de-navidad","status":"publish","type":"post","link":"https:\/\/sertv.gob.pa\/crisolfm\/cambio-climatico-provoca-aumento-de-plagas-en-arboles-de-navidad\/","title":{"rendered":"Cambio clim\u00e1tico provoca aumento de plagas en \u00e1rboles de Navidad"},"content":{"rendered":"<p>El cambio clim\u00e1tico est\u00e1 causando una proliferaci\u00f3n inusual de insectos que infestan los pinos en Estados Unidos, principal exportador de \u00e1rboles de Navidad a M\u00e9xico, lo que genera el riesgo de un impacto muy agresivo para las especies end\u00e9micas, advirti\u00f3 a Efe un experto.<\/p>\n<p>El director de Inspecci\u00f3n de Vida Silvestre y Fitosanitaria en Puertos, Aeropuertos y Frontera de la Procuradur\u00eda Federal de Protecci\u00f3n al Ambiente (Profepa), Javier Navarrete, dijo a Efe que el cambio clim\u00e1tico est\u00e1 causando el aumento de plagas en los \u00e1rboles de Navidad debido al incremento en la temperatura en Estados Unidos.<\/p>\n<p>Esos insectos no son calificados de plagas prioritarias en aquella naci\u00f3n, pero s\u00ed est\u00e1n catalogados como tales en M\u00e9xico.<\/p>\n<p>Se trata de entre 25 y 30 plagas de distintos organismos, entre los que figuran escarabajos barrenadores, escarabajos descortezadores, polillas y avispas, entre otros, que van al alza debido al cambio clim\u00e1tico ya que el calor les permite aumentar su rango de presencia en territorios que antes les estaban vedados.<\/p>\n<p>El funcionario federal record\u00f3 que M\u00e9xico es de los pa\u00edses m\u00e1s diversos en cuanto a pinos, y de propagarse una plaga extranjera se corre el riesgo de un impacto muy agresivo para las especies end\u00e9micas nacionales de estos \u00e1rboles, que son los m\u00e1s usados como ornamento navide\u00f1o.<\/p>\n<p>EFE<\/p>\n","protected":false},"excerpt":{"rendered":"<p>El cambio clim\u00e1tico est\u00e1 causando una proliferaci\u00f3n inusual de insectos <a href=\"https:\/\/sertv.gob.pa\/crisolfm\/cambio-climatico-provoca-aumento-de-plagas-en-arboles-de-navidad\/\"> [&#8230;]<\/a><\/p>\n","protected":false},"author":64,"featured_media":25154,"comment_status":"closed","ping_status":"closed","sticky":false,"template":"","format":"standard","meta":{"footnotes":""},"categories":[7],"tags":[],"class_list":["post-25153","post","type-post","status-publish","format-standard","has-post-thumbnail","hentry","category-ecologicas"],"_links":{"self":[{"href":"https:\/\/sertv.gob.pa\/crisolfm\/wp-json\/wp\/v2\/posts\/25153","targetHints":{"allow":["GET"]}}],"collection":[{"href":"https:\/\/sertv.gob.pa\/crisolfm\/wp-json\/wp\/v2\/posts"}],"about":[{"href":"https:\/\/sertv.gob.pa\/crisolfm\/wp-json\/wp\/v2\/types\/post"}],"author":[{"embeddable":true,"href":"https:\/\/sertv.gob.pa\/crisolfm\/wp-json\/wp\/v2\/users\/64"}],"replies":[{"embeddable":true,"href":"https:\/\/sertv.gob.pa\/crisolfm\/wp-json\/wp\/v2\/comments?post=25153"}],"version-history":[{"count":1,"href":"https:\/\/sertv.gob.pa\/crisolfm\/wp-json\/wp\/v2\/posts\/25153\/revisions"}],"predecessor-version":[{"id":25155,"href":"https:\/\/sertv.gob.pa\/crisolfm\/wp-json\/wp\/v2\/posts\/25153\/revisions\/25155"}],"wp:featuredmedia":[{"embeddable":true,"href":"https:\/\/sertv.gob.pa\/crisolfm\/wp-json\/wp\/v2\/media\/25154"}],"wp:attachment":[{"href":"https:\/\/sertv.gob.pa\/crisolfm\/wp-json\/wp\/v2\/media?parent=25153"}],"wp:term":[{"taxonomy":"category","embeddable":true,"href":"https:\/\/sertv.gob.pa\/crisolfm\/wp-json\/wp\/v2\/categories?post=25153"},{"taxonomy":"post_tag","embeddable":true,"href":"https:\/\/sertv.gob.pa\/crisolfm\/wp-json\/wp\/v2\/tags?post=25153"}],"curies":[{"name":"wp","href":"https:\/\/api.w.org\/{rel}","templated":true}]}}