{"id":25178,"date":"2019-12-26T13:28:26","date_gmt":"2019-12-26T13:28:26","guid":{"rendered":"https:\/\/sertv.gob.pa\/crisolfm\/?p=25178"},"modified":"2019-12-26T13:28:26","modified_gmt":"2019-12-26T13:28:26","slug":"unas-200-casas-quedaron-afectadas-por-incendio-forestal-en-chile","status":"publish","type":"post","link":"https:\/\/sertv.gob.pa\/crisolfm\/unas-200-casas-quedaron-afectadas-por-incendio-forestal-en-chile\/","title":{"rendered":"Unas 200 casas quedaron afectadas por incendio forestal en Chile"},"content":{"rendered":"<p>Unas 200 casas quedaron afectadas por un incendio forestal que se desat\u00f3 el martes en el tur\u00edstico puerto de Valpara\u00edso, en el litoral central de Chile, que dej\u00f3 a decenas de familias sin hogar en medio de las fiestas navide\u00f1as.<\/p>\n<p>El siniestro afect\u00f3 los cerros Rocuant y San Roque en la parte alta de la comuna de Valpara\u00edso (unos 120 km al oeste de Santiago) y este mi\u00e9rcoles se manten\u00eda activo, pero con menor intensidad, mientras el n\u00famero de casas \u201cafectadas por el fuego\u201d subi\u00f3 de 150 a 200 en cuesti\u00f3n de horas.<\/p>\n<p>En total, unas 150 hect\u00e1reas (ha) han sido devastadas por este incendio bautizado como \u00abFundo La Plantaci\u00f3n 2\u00bb, declar\u00f3 Gonzalo Blumel, ministro del Interior, en un \u00faltimo informe sobre la emergencia desde la Oficina Nacional de Emergencia (Onemi) en Santiago.<\/p>\n<p>Blumel hab\u00eda manifestado m\u00e1s temprano que si bien \u00abse ha avanzando bastante en el control (del fuego)\u00bb, el incendio \u00abno est\u00e1 controlado\u00bb. La emergencia dej\u00f3 \u00ab12 voluntarios de Bomberos lesionados. De igual forma, se mantienen 1.715 clientes sin servicio de suministro el\u00e9ctrico en la regi\u00f3n\u00bb, seg\u00fan Onemi.<\/p>\n<p>Otro incendio forestal, el \u00abAntena Microondas\u00bb, \u00abtambi\u00e9n se mantiene activo\u00bb y \u00abconsume una superficie aproximada de 9 ha de vegetaci\u00f3n\u00bb, inform\u00f3 Onemi.<\/p>\n<p>Los dos siniestros son combatidos por 25 brigadas forestales civiles y militares, 12 unidades de bomberos, siete aviones cisterna y de observaci\u00f3n y 11 helic\u00f3pteros, indic\u00f3 el organismo<\/p>\n<p>AFP<\/p>\n","protected":false},"excerpt":{"rendered":"<p>Unas 200 casas quedaron afectadas por un incendio forestal que <a href=\"https:\/\/sertv.gob.pa\/crisolfm\/unas-200-casas-quedaron-afectadas-por-incendio-forestal-en-chile\/\"> [&#8230;]<\/a><\/p>\n","protected":false},"author":64,"featured_media":25179,"comment_status":"closed","ping_status":"closed","sticky":false,"template":"","format":"standard","meta":{"footnotes":""},"categories":[7],"tags":[],"class_list":["post-25178","post","type-post","status-publish","format-standard","has-post-thumbnail","hentry","category-ecologicas"],"_links":{"self":[{"href":"https:\/\/sertv.gob.pa\/crisolfm\/wp-json\/wp\/v2\/posts\/25178","targetHints":{"allow":["GET"]}}],"collection":[{"href":"https:\/\/sertv.gob.pa\/crisolfm\/wp-json\/wp\/v2\/posts"}],"about":[{"href":"https:\/\/sertv.gob.pa\/crisolfm\/wp-json\/wp\/v2\/types\/post"}],"author":[{"embeddable":true,"href":"https:\/\/sertv.gob.pa\/crisolfm\/wp-json\/wp\/v2\/users\/64"}],"replies":[{"embeddable":true,"href":"https:\/\/sertv.gob.pa\/crisolfm\/wp-json\/wp\/v2\/comments?post=25178"}],"version-history":[{"count":1,"href":"https:\/\/sertv.gob.pa\/crisolfm\/wp-json\/wp\/v2\/posts\/25178\/revisions"}],"predecessor-version":[{"id":25180,"href":"https:\/\/sertv.gob.pa\/crisolfm\/wp-json\/wp\/v2\/posts\/25178\/revisions\/25180"}],"wp:featuredmedia":[{"embeddable":true,"href":"https:\/\/sertv.gob.pa\/crisolfm\/wp-json\/wp\/v2\/media\/25179"}],"wp:attachment":[{"href":"https:\/\/sertv.gob.pa\/crisolfm\/wp-json\/wp\/v2\/media?parent=25178"}],"wp:term":[{"taxonomy":"category","embeddable":true,"href":"https:\/\/sertv.gob.pa\/crisolfm\/wp-json\/wp\/v2\/categories?post=25178"},{"taxonomy":"post_tag","embeddable":true,"href":"https:\/\/sertv.gob.pa\/crisolfm\/wp-json\/wp\/v2\/tags?post=25178"}],"curies":[{"name":"wp","href":"https:\/\/api.w.org\/{rel}","templated":true}]}}