{"id":25181,"date":"2019-12-26T13:32:52","date_gmt":"2019-12-26T13:32:52","guid":{"rendered":"https:\/\/sertv.gob.pa\/crisolfm\/?p=25181"},"modified":"2019-12-26T13:32:52","modified_gmt":"2019-12-26T13:32:52","slug":"estaciones-cientificas-seran-instaladas-en-zonas-protegidas","status":"publish","type":"post","link":"https:\/\/sertv.gob.pa\/crisolfm\/estaciones-cientificas-seran-instaladas-en-zonas-protegidas\/","title":{"rendered":"Estaciones cient\u00edficas ser\u00e1n instaladas en zonas protegidas"},"content":{"rendered":"<p>El <a href=\"https:\/\/www.prensa.com\/tema\/ministerio-de-ambiente\/\" target=\"_blank\" rel=\"noopener\">Ministerio de Ambiente<\/a> y la <a href=\"https:\/\/www.prensa.com\/tema\/universidad-de-panam\/\" target=\"_blank\" rel=\"noopener\">Universidad de Panam\u00e1<\/a> instalar\u00e1n estaciones cient\u00edficas en el <strong>humedal Golfo de Montijo en Veraguas<\/strong>, en el Parque Nacional y Reserva Biol\u00f3gica de Altos de Campana, en Panam\u00e1 Oeste y en el Parque Nacional Camino de Cruces en Panam\u00e1.<\/p>\n<p>El prop\u00f3sito de este proyecto es el desarrollo de investigaciones y formaci\u00f3n de personal calificado en estas tareas. De hecho, se trata de tres valiosas y estrat\u00e9gicas \u00e1reas protegidas del pa\u00eds, que permitir\u00e1n a ambas entidades, a trav\u00e9s de las estaciones de monitoreo, obtener informaci\u00f3n sobre el cambio clim\u00e1tico y la biodiversidad de estas reservas ecol\u00f3gicas.<\/p>\n<p>Seg\u00fan el ministro de Ambiente, Milciades Concepci\u00f3n, en la \u00faltima cumbre clim\u00e1tica uno de los principales temas que se abord\u00f3 fueron las investigaciones que hab\u00eda que hacer para las medidas de adaptaci\u00f3n y mitigaci\u00f3n al cambio clim\u00e1tico. \u201cEsto incide en todas las actividades en la agricultura, en nuestra salud. Hay necesidad de promover la investigaci\u00f3n para hacerle frente a los problemas del cambio clim\u00e1tico que llegaron al pa\u00eds\u201d, argument\u00f3.<\/p>\n<p>El funcionario sostuvo que el calentamiento global est\u00e1 impactado en nuestra vida diaria, actividades econ\u00f3micas, sociales y en el quehacer cotidiano. \u201cEs muy importante abrir las puertas del ministerio y estamos tomando acciones en\u00e9rgicas al respecto\u201d, concluy\u00f3.<\/p>\n<p>&nbsp;<\/p>\n","protected":false},"excerpt":{"rendered":"<p>El Ministerio de Ambiente y la Universidad de Panam\u00e1 instalar\u00e1n <a href=\"https:\/\/sertv.gob.pa\/crisolfm\/estaciones-cientificas-seran-instaladas-en-zonas-protegidas\/\"> [&#8230;]<\/a><\/p>\n","protected":false},"author":64,"featured_media":25182,"comment_status":"closed","ping_status":"closed","sticky":false,"template":"","format":"standard","meta":{"footnotes":""},"categories":[7],"tags":[],"class_list":["post-25181","post","type-post","status-publish","format-standard","has-post-thumbnail","hentry","category-ecologicas"],"_links":{"self":[{"href":"https:\/\/sertv.gob.pa\/crisolfm\/wp-json\/wp\/v2\/posts\/25181","targetHints":{"allow":["GET"]}}],"collection":[{"href":"https:\/\/sertv.gob.pa\/crisolfm\/wp-json\/wp\/v2\/posts"}],"about":[{"href":"https:\/\/sertv.gob.pa\/crisolfm\/wp-json\/wp\/v2\/types\/post"}],"author":[{"embeddable":true,"href":"https:\/\/sertv.gob.pa\/crisolfm\/wp-json\/wp\/v2\/users\/64"}],"replies":[{"embeddable":true,"href":"https:\/\/sertv.gob.pa\/crisolfm\/wp-json\/wp\/v2\/comments?post=25181"}],"version-history":[{"count":1,"href":"https:\/\/sertv.gob.pa\/crisolfm\/wp-json\/wp\/v2\/posts\/25181\/revisions"}],"predecessor-version":[{"id":25183,"href":"https:\/\/sertv.gob.pa\/crisolfm\/wp-json\/wp\/v2\/posts\/25181\/revisions\/25183"}],"wp:featuredmedia":[{"embeddable":true,"href":"https:\/\/sertv.gob.pa\/crisolfm\/wp-json\/wp\/v2\/media\/25182"}],"wp:attachment":[{"href":"https:\/\/sertv.gob.pa\/crisolfm\/wp-json\/wp\/v2\/media?parent=25181"}],"wp:term":[{"taxonomy":"category","embeddable":true,"href":"https:\/\/sertv.gob.pa\/crisolfm\/wp-json\/wp\/v2\/categories?post=25181"},{"taxonomy":"post_tag","embeddable":true,"href":"https:\/\/sertv.gob.pa\/crisolfm\/wp-json\/wp\/v2\/tags?post=25181"}],"curies":[{"name":"wp","href":"https:\/\/api.w.org\/{rel}","templated":true}]}}