{"id":25187,"date":"2019-12-26T13:44:29","date_gmt":"2019-12-26T13:44:29","guid":{"rendered":"https:\/\/sertv.gob.pa\/crisolfm\/?p=25187"},"modified":"2019-12-26T13:44:29","modified_gmt":"2019-12-26T13:44:29","slug":"booktuber-espanol-critica-el-elitismo-en-la-literatura","status":"publish","type":"post","link":"https:\/\/sertv.gob.pa\/crisolfm\/booktuber-espanol-critica-el-elitismo-en-la-literatura\/","title":{"rendered":"\u00abBooktuber\u00bb espa\u00f1ol critica el \u00abelitismo en la literatura\u00bb"},"content":{"rendered":"<p>El booktuber espa\u00f1ol Sebasti\u00e1n Garc\u00eda critic\u00f3 lo que denomina un \u00abelitismo en la literatura\u00bb, gracias al cual -en su opini\u00f3n- personas que se creen \u00abadecuadas\u00bb para ello dictan directrices de lo que deben leer los j\u00f3venes.<\/p>\n<p>El europeo, que ha logrado acercarse a los j\u00f3venes por medio de su canal de YouTube, quiere conseguir una conexi\u00f3n entre el p\u00fablico y la literatura y, al mismo tiempo, defender la novela juvenil ante la sociedad.<\/p>\n<p>De paso por Ecuador, donde particip\u00f3 en la XII edici\u00f3n de la Feria Internacional del Libro de Quito que finaliz\u00f3 el domingo, el tambi\u00e9n conocido como \u00abEl coleccionista de mundos\u00bb, relat\u00f3 a Efe sus esfuerzos para apoyar la literatura juvenil.<\/p>\n<p>El Booktuber de 23 a\u00f1os critica lo que considera un \u00abdesprestigio\u00bb hacia los j\u00f3venes pues sus problemas o sus gustos suelen ser vistos como \u00abbanales\u00bb o \u00abfr\u00edvolos\u00bb, una opini\u00f3n que lamentablemente tambi\u00e9n se traslada a las novelas que se enfocan en las vivencias de estos j\u00f3venes, dice.<\/p>\n<p>EFE<\/p>\n","protected":false},"excerpt":{"rendered":"<p>El booktuber espa\u00f1ol Sebasti\u00e1n Garc\u00eda critic\u00f3 lo que denomina un <a href=\"https:\/\/sertv.gob.pa\/crisolfm\/booktuber-espanol-critica-el-elitismo-en-la-literatura\/\"> [&#8230;]<\/a><\/p>\n","protected":false},"author":64,"featured_media":25188,"comment_status":"closed","ping_status":"closed","sticky":false,"template":"","format":"standard","meta":{"footnotes":""},"categories":[6],"tags":[],"class_list":["post-25187","post","type-post","status-publish","format-standard","has-post-thumbnail","hentry","category-culturales"],"_links":{"self":[{"href":"https:\/\/sertv.gob.pa\/crisolfm\/wp-json\/wp\/v2\/posts\/25187","targetHints":{"allow":["GET"]}}],"collection":[{"href":"https:\/\/sertv.gob.pa\/crisolfm\/wp-json\/wp\/v2\/posts"}],"about":[{"href":"https:\/\/sertv.gob.pa\/crisolfm\/wp-json\/wp\/v2\/types\/post"}],"author":[{"embeddable":true,"href":"https:\/\/sertv.gob.pa\/crisolfm\/wp-json\/wp\/v2\/users\/64"}],"replies":[{"embeddable":true,"href":"https:\/\/sertv.gob.pa\/crisolfm\/wp-json\/wp\/v2\/comments?post=25187"}],"version-history":[{"count":1,"href":"https:\/\/sertv.gob.pa\/crisolfm\/wp-json\/wp\/v2\/posts\/25187\/revisions"}],"predecessor-version":[{"id":25189,"href":"https:\/\/sertv.gob.pa\/crisolfm\/wp-json\/wp\/v2\/posts\/25187\/revisions\/25189"}],"wp:featuredmedia":[{"embeddable":true,"href":"https:\/\/sertv.gob.pa\/crisolfm\/wp-json\/wp\/v2\/media\/25188"}],"wp:attachment":[{"href":"https:\/\/sertv.gob.pa\/crisolfm\/wp-json\/wp\/v2\/media?parent=25187"}],"wp:term":[{"taxonomy":"category","embeddable":true,"href":"https:\/\/sertv.gob.pa\/crisolfm\/wp-json\/wp\/v2\/categories?post=25187"},{"taxonomy":"post_tag","embeddable":true,"href":"https:\/\/sertv.gob.pa\/crisolfm\/wp-json\/wp\/v2\/tags?post=25187"}],"curies":[{"name":"wp","href":"https:\/\/api.w.org\/{rel}","templated":true}]}}