{"id":25190,"date":"2019-12-26T13:50:24","date_gmt":"2019-12-26T13:50:24","guid":{"rendered":"https:\/\/sertv.gob.pa\/crisolfm\/?p=25190"},"modified":"2019-12-26T13:50:24","modified_gmt":"2019-12-26T13:50:24","slug":"notre-dame-de-paris-se-queda-sin-misa-de-navidad-por-primera-vez-en-216-anos","status":"publish","type":"post","link":"https:\/\/sertv.gob.pa\/crisolfm\/notre-dame-de-paris-se-queda-sin-misa-de-navidad-por-primera-vez-en-216-anos\/","title":{"rendered":"Notre Dame de Par\u00eds se queda sin misa de Navidad por primera vez en 216 a\u00f1os"},"content":{"rendered":"<p class=\"paragraph\" style=\"text-align: justify\">Notre Dame se queda este a\u00f1o sin la tradicional misa de Navidad, algo que no ocurr\u00eda desde 1803, a causa del incendio del pasado abril que devast\u00f3 la catedral de Par\u00eds, y la celebraci\u00f3n a cargo del de\u00e1n, Patrick Chauvet, se ha desplazado a la iglesia de Saint Germain l&#8217;Auxerrois. Esa iglesia se encuentra a un kil\u00f3metro de distancia y se ha convertido desde el siniestro en \u00abcatedral por sustituci\u00f3n\u00bb y as\u00ed acoge cada domingo la misa que preside el arzobispo de la ciudad, Michel Aupetit.<\/p>\n<p class=\"paragraph\" style=\"text-align: justify\">\u00abLos andamios siguen amenazando\u00bb, explic\u00f3 este martes en una entrevista a la emisora \u00abRTL\u00bb Chauvet, quien a\u00f1adi\u00f3 que har\u00e1n falta \u00abvarios meses\u00bb para desmontarlos con cuidado para que no se desestabilice el conjunto de la catedral. Son 500 toneladas de tubos met\u00e1licos que hay que retirar uno a uno y una vez que se termine habr\u00e1 que verificar el estado de las b\u00f3vedas que estuvieron sometidas a temperaturas de entre 900 y 1.000 grados durante el incendio, precis\u00f3 Aupetit, en otra entrevista este martes a \u00abLe Parisien\u00bb.<\/p>\n<p class=\"paragraph\" style=\"text-align: justify\">Eso significa que habr\u00e1 que esperar a la primavera para poder plantearse un calendario de las obras, que no podr\u00e1n comenzar hasta comienzos de 2021, advirti\u00f3 Aupetit, que por su parte oficiar\u00e1 la misa de Nochebuena en un circo.<\/p>\n<p id=\"m138-137-139\" class=\"paragraph\" style=\"text-align: justify\">S\u00f3lo en la fase de consolidaci\u00f3n, se van a gastar 85 millones de euros. Por ahora se han recibido promesas de donaciones de 900 millones de 110 pa\u00edses y siguen llegando, seg\u00fan Chauvet.<\/p>\n<p id=\"m153-152-154\" class=\"paragraph\" style=\"text-align: justify\">EFE<\/p>\n","protected":false},"excerpt":{"rendered":"<p>Notre Dame se queda este a\u00f1o sin la tradicional misa <a href=\"https:\/\/sertv.gob.pa\/crisolfm\/notre-dame-de-paris-se-queda-sin-misa-de-navidad-por-primera-vez-en-216-anos\/\"> [&#8230;]<\/a><\/p>\n","protected":false},"author":64,"featured_media":25191,"comment_status":"closed","ping_status":"closed","sticky":false,"template":"","format":"standard","meta":{"footnotes":""},"categories":[6],"tags":[],"class_list":["post-25190","post","type-post","status-publish","format-standard","has-post-thumbnail","hentry","category-culturales"],"_links":{"self":[{"href":"https:\/\/sertv.gob.pa\/crisolfm\/wp-json\/wp\/v2\/posts\/25190","targetHints":{"allow":["GET"]}}],"collection":[{"href":"https:\/\/sertv.gob.pa\/crisolfm\/wp-json\/wp\/v2\/posts"}],"about":[{"href":"https:\/\/sertv.gob.pa\/crisolfm\/wp-json\/wp\/v2\/types\/post"}],"author":[{"embeddable":true,"href":"https:\/\/sertv.gob.pa\/crisolfm\/wp-json\/wp\/v2\/users\/64"}],"replies":[{"embeddable":true,"href":"https:\/\/sertv.gob.pa\/crisolfm\/wp-json\/wp\/v2\/comments?post=25190"}],"version-history":[{"count":1,"href":"https:\/\/sertv.gob.pa\/crisolfm\/wp-json\/wp\/v2\/posts\/25190\/revisions"}],"predecessor-version":[{"id":25192,"href":"https:\/\/sertv.gob.pa\/crisolfm\/wp-json\/wp\/v2\/posts\/25190\/revisions\/25192"}],"wp:featuredmedia":[{"embeddable":true,"href":"https:\/\/sertv.gob.pa\/crisolfm\/wp-json\/wp\/v2\/media\/25191"}],"wp:attachment":[{"href":"https:\/\/sertv.gob.pa\/crisolfm\/wp-json\/wp\/v2\/media?parent=25190"}],"wp:term":[{"taxonomy":"category","embeddable":true,"href":"https:\/\/sertv.gob.pa\/crisolfm\/wp-json\/wp\/v2\/categories?post=25190"},{"taxonomy":"post_tag","embeddable":true,"href":"https:\/\/sertv.gob.pa\/crisolfm\/wp-json\/wp\/v2\/tags?post=25190"}],"curies":[{"name":"wp","href":"https:\/\/api.w.org\/{rel}","templated":true}]}}