{"id":25218,"date":"2019-12-27T13:17:12","date_gmt":"2019-12-27T13:17:12","guid":{"rendered":"https:\/\/sertv.gob.pa\/crisolfm\/?p=25218"},"modified":"2019-12-27T13:17:12","modified_gmt":"2019-12-27T13:17:12","slug":"miambiente-se-prepara-para-temporada-de-incendios-forestales","status":"publish","type":"post","link":"https:\/\/sertv.gob.pa\/crisolfm\/miambiente-se-prepara-para-temporada-de-incendios-forestales\/","title":{"rendered":"Miambiente se prepara para temporada de incendios forestales"},"content":{"rendered":"<p>El <a href=\"https:\/\/www.prensa.com\/tema\/ministerio-de-ambiente\/\" target=\"_blank\" rel=\"noopener\">Ministerio de Ambiente (Miambiente) <\/a>dio a conocer que se prepara para la temporada de incendios forestales, muchos de los cuales suelen ocurrir en \u00e1reas protegidas.<\/p>\n<p>Helvecia Bonilla, jefa de Riesgo Ambiental de la entidad, detall\u00f3 que elaboraron un plan para cada provincia, centrados en la prevenci\u00f3n, control y extinci\u00f3n.<\/p>\n<p>Por ejemplo, explic\u00f3 que en cada provincia est\u00e1n realizando conferencias y charlas con comunidades y agricultores, con el prop\u00f3sito de que conozcan las consecuencias negativas de estos incendios sin ning\u00fan tipo de control.<\/p>\n<p>\u201cEstamos dando a conocer los impactos de estos incendios, no solo para la flora y fauna, sino tambi\u00e9n para la salud de las mismas personas. Adem\u00e1s, esto incide con el cambio clim\u00e1tico\u201d, dijo la funcionaria.<\/p>\n<p>&nbsp;<\/p>\n","protected":false},"excerpt":{"rendered":"<p>El Ministerio de Ambiente (Miambiente) dio a conocer que se <a href=\"https:\/\/sertv.gob.pa\/crisolfm\/miambiente-se-prepara-para-temporada-de-incendios-forestales\/\"> [&#8230;]<\/a><\/p>\n","protected":false},"author":64,"featured_media":25219,"comment_status":"closed","ping_status":"closed","sticky":false,"template":"","format":"standard","meta":{"footnotes":""},"categories":[7],"tags":[],"class_list":["post-25218","post","type-post","status-publish","format-standard","has-post-thumbnail","hentry","category-ecologicas"],"_links":{"self":[{"href":"https:\/\/sertv.gob.pa\/crisolfm\/wp-json\/wp\/v2\/posts\/25218","targetHints":{"allow":["GET"]}}],"collection":[{"href":"https:\/\/sertv.gob.pa\/crisolfm\/wp-json\/wp\/v2\/posts"}],"about":[{"href":"https:\/\/sertv.gob.pa\/crisolfm\/wp-json\/wp\/v2\/types\/post"}],"author":[{"embeddable":true,"href":"https:\/\/sertv.gob.pa\/crisolfm\/wp-json\/wp\/v2\/users\/64"}],"replies":[{"embeddable":true,"href":"https:\/\/sertv.gob.pa\/crisolfm\/wp-json\/wp\/v2\/comments?post=25218"}],"version-history":[{"count":1,"href":"https:\/\/sertv.gob.pa\/crisolfm\/wp-json\/wp\/v2\/posts\/25218\/revisions"}],"predecessor-version":[{"id":25220,"href":"https:\/\/sertv.gob.pa\/crisolfm\/wp-json\/wp\/v2\/posts\/25218\/revisions\/25220"}],"wp:featuredmedia":[{"embeddable":true,"href":"https:\/\/sertv.gob.pa\/crisolfm\/wp-json\/wp\/v2\/media\/25219"}],"wp:attachment":[{"href":"https:\/\/sertv.gob.pa\/crisolfm\/wp-json\/wp\/v2\/media?parent=25218"}],"wp:term":[{"taxonomy":"category","embeddable":true,"href":"https:\/\/sertv.gob.pa\/crisolfm\/wp-json\/wp\/v2\/categories?post=25218"},{"taxonomy":"post_tag","embeddable":true,"href":"https:\/\/sertv.gob.pa\/crisolfm\/wp-json\/wp\/v2\/tags?post=25218"}],"curies":[{"name":"wp","href":"https:\/\/api.w.org\/{rel}","templated":true}]}}