{"id":25221,"date":"2019-12-27T13:31:58","date_gmt":"2019-12-27T13:31:58","guid":{"rendered":"https:\/\/sertv.gob.pa\/crisolfm\/?p=25221"},"modified":"2019-12-27T13:31:58","modified_gmt":"2019-12-27T13:31:58","slug":"ciudad-de-mexico-se-llena-de-belenes-en-navidad","status":"publish","type":"post","link":"https:\/\/sertv.gob.pa\/crisolfm\/ciudad-de-mexico-se-llena-de-belenes-en-navidad\/","title":{"rendered":"Ciudad de M\u00e9xico se llena de belenes en Navidad"},"content":{"rendered":"<p>La Navidad lleg\u00f3 a la capital mexicana por todo lo alto. Durante estos d\u00edas se dan las reuniones con amigos y familiares, tan propias de estas fechas, pero tambi\u00e9n existe la posibilidad de disfrutar de otras tradiciones, como la visita de belenes.<\/p>\n<p>El Paseo de la Reforma, uno de los principales ejes viales de la Ciudad de M\u00e9xico, es una muestra de ello y acoge una nueva edici\u00f3n de la muestra \u00abNacimientos y Pi\u00f1atas\u00bb, que se podr\u00e1 visitar hasta el 7 de enero de 2020. En el tramo de este bulevar comprendido entre los monumentos de Diana Cazadora y el \u00c1ngel de la Independencia, los visitantes pueden deleitarse con los 20 nacimientos y 45 pi\u00f1atas gigantes instaladas en la zona, gracias al impulso de la Secretar\u00eda de Turismo capitalina.<\/p>\n<p>Todas las creaciones se caracterizan por su gran originalidad. De hecho, la veintena de belenes instalados se definen por su colorismo y formas innovadoras, que est\u00e1n generando el apoyo del p\u00fablico. \u00abSolo hemos tenido buenos comentarios\u00bb, confirm\u00f3 a Efe el secretario de Turismo de Ciudad de M\u00e9xico, Carlos Mackinlay.<\/p>\n<p>En la realizaci\u00f3n de estas composiciones se involucraron empresarios tur\u00edsticos mexicanos, negocios del Paseo de la Reforma y diferentes instituciones p\u00fablicas, como entidades estatales o delegaciones de la capital.<\/p>\n<p>La iniciativa \u00abNacimientos y Pi\u00f1atas 2019-2020\u00bb se trata de una \u00abidea antigua\u00bb que comenz\u00f3 bajo el mandato del hoy presidente Andr\u00e9s Manuel L\u00f3pez Obrador cuando este era jefe de Gobierno del Distrito Federal (2000-2005), tras los trabajos de embellecimiento que tuvieron lugar en la zona.<\/p>\n<p>EFE<\/p>\n","protected":false},"excerpt":{"rendered":"<p>La Navidad lleg\u00f3 a la capital mexicana por todo lo <a href=\"https:\/\/sertv.gob.pa\/crisolfm\/ciudad-de-mexico-se-llena-de-belenes-en-navidad\/\"> [&#8230;]<\/a><\/p>\n","protected":false},"author":64,"featured_media":25222,"comment_status":"closed","ping_status":"closed","sticky":false,"template":"","format":"standard","meta":{"footnotes":""},"categories":[6],"tags":[],"class_list":["post-25221","post","type-post","status-publish","format-standard","has-post-thumbnail","hentry","category-culturales"],"_links":{"self":[{"href":"https:\/\/sertv.gob.pa\/crisolfm\/wp-json\/wp\/v2\/posts\/25221","targetHints":{"allow":["GET"]}}],"collection":[{"href":"https:\/\/sertv.gob.pa\/crisolfm\/wp-json\/wp\/v2\/posts"}],"about":[{"href":"https:\/\/sertv.gob.pa\/crisolfm\/wp-json\/wp\/v2\/types\/post"}],"author":[{"embeddable":true,"href":"https:\/\/sertv.gob.pa\/crisolfm\/wp-json\/wp\/v2\/users\/64"}],"replies":[{"embeddable":true,"href":"https:\/\/sertv.gob.pa\/crisolfm\/wp-json\/wp\/v2\/comments?post=25221"}],"version-history":[{"count":1,"href":"https:\/\/sertv.gob.pa\/crisolfm\/wp-json\/wp\/v2\/posts\/25221\/revisions"}],"predecessor-version":[{"id":25223,"href":"https:\/\/sertv.gob.pa\/crisolfm\/wp-json\/wp\/v2\/posts\/25221\/revisions\/25223"}],"wp:featuredmedia":[{"embeddable":true,"href":"https:\/\/sertv.gob.pa\/crisolfm\/wp-json\/wp\/v2\/media\/25222"}],"wp:attachment":[{"href":"https:\/\/sertv.gob.pa\/crisolfm\/wp-json\/wp\/v2\/media?parent=25221"}],"wp:term":[{"taxonomy":"category","embeddable":true,"href":"https:\/\/sertv.gob.pa\/crisolfm\/wp-json\/wp\/v2\/categories?post=25221"},{"taxonomy":"post_tag","embeddable":true,"href":"https:\/\/sertv.gob.pa\/crisolfm\/wp-json\/wp\/v2\/tags?post=25221"}],"curies":[{"name":"wp","href":"https:\/\/api.w.org\/{rel}","templated":true}]}}